{"id":354010,"date":"2025-05-21T09:05:53","date_gmt":"2025-05-21T06:05:53","guid":{"rendered":"https:\/\/sana.sy\/es\/?p=354010"},"modified":"2025-05-21T09:06:02","modified_gmt":"2025-05-21T06:06:02","slug":"ministro-de-finanzas-levantar-las-sanciones-acelera-la-construccion-de-una-asociacion-sirio-europea","status":"publish","type":"post","link":"https:\/\/archive.sana.sy\/es\/?p=354010","title":{"rendered":"Ministro de Finanzas: Levantar las sanciones acelera la construcci\u00f3n de una asociaci\u00f3n sirio-europea"},"content":{"rendered":"<p style=\"text-align: justify;\"><span style=\"color: #800000;\"><strong>Damasco, 21 may (SANA) <\/strong><\/span>El ministro de Finanzas, Mohammad Yasser Barnieh, describi\u00f3 la decisi\u00f3n de la Uni\u00f3n Europea de levantar todas las sanciones a Siria de hist\u00f3rica, y consider\u00f3 que la misma acelera los esfuerzos por construir una asociaci\u00f3n y cooperaci\u00f3n sirio-europea basada en intereses compartidos.<\/p>\n<p style=\"text-align: justify;\">El ministro Bernieh declar\u00f3 a SANA que la decisi\u00f3n refleja el compromiso de la UE con la estabilidad y la recuperaci\u00f3n de Siria, y representa un nuevo \u00e9xito para la diplomacia siria.<\/p>\n<p style=\"text-align: justify;\">\u00abUna delegaci\u00f3n de la Comisi\u00f3n Europea, encabezada por Peter Wagner, acompa\u00f1ada por Michael Onmacht, Encargado de Negocios de la UE en Siria, me visit\u00f3 la semana pasada. Destacamos la importancia de fortalecer las relaciones con el continente europeo\u00bb, revel\u00f3 el Ministro.<\/p>\n<p style=\"text-align: justify;\">Se\u00f1al\u00f3 que durante la reuni\u00f3n se discuti\u00f3 el apoyo de la UE a las reformas econ\u00f3micas y administrativas sirias y las contribuciones de la UE a la inversi\u00f3n.<\/p>\n","protected":false},"excerpt":{"rendered":"<p>Damasco, 21 may (SANA) El ministro de Finanzas, Mohammad Yasser Barnieh, describi\u00f3 la decisi\u00f3n de la Uni\u00f3n Europea de levantar todas las sanciones a Siria de hist\u00f3rica, y consider\u00f3 que la misma acelera los esfuerzos por construir una asociaci\u00f3n y cooperaci\u00f3n sirio-europea basada en intereses compartidos. El ministro Bernieh declar\u00f3 a SANA que la decisi\u00f3n &hellip;<\/p>\n","protected":false},"author":42,"featured_media":354011,"comment_status":"closed","ping_status":"closed","sticky":false,"template":"","format":"standard","meta":{"footnotes":""},"categories":[597,20724,476,7541],"tags":[],"class_list":["post-354010","post","type-post","status-publish","format-standard","has-post-thumbnail","","category-cinta-de-noticias","category-minuto-a-minuto","category-locales","category-ultimas-noticias"],"_links":{"self":[{"href":"https:\/\/archive.sana.sy\/es\/index.php?rest_route=\/wp\/v2\/posts\/354010"}],"collection":[{"href":"https:\/\/archive.sana.sy\/es\/index.php?rest_route=\/wp\/v2\/posts"}],"about":[{"href":"https:\/\/archive.sana.sy\/es\/index.php?rest_route=\/wp\/v2\/types\/post"}],"author":[{"embeddable":true,"href":"https:\/\/archive.sana.sy\/es\/index.php?rest_route=\/wp\/v2\/users\/42"}],"replies":[{"embeddable":true,"href":"https:\/\/archive.sana.sy\/es\/index.php?rest_route=%2Fwp%2Fv2%2Fcomments&post=354010"}],"version-history":[{"count":1,"href":"https:\/\/archive.sana.sy\/es\/index.php?rest_route=\/wp\/v2\/posts\/354010\/revisions"}],"predecessor-version":[{"id":354012,"href":"https:\/\/archive.sana.sy\/es\/index.php?rest_route=\/wp\/v2\/posts\/354010\/revisions\/354012"}],"wp:featuredmedia":[{"embeddable":true,"href":"https:\/\/archive.sana.sy\/es\/index.php?rest_route=\/wp\/v2\/media\/354011"}],"wp:attachment":[{"href":"https:\/\/archive.sana.sy\/es\/index.php?rest_route=%2Fwp%2Fv2%2Fmedia&parent=354010"}],"wp:term":[{"taxonomy":"category","embeddable":true,"href":"https:\/\/archive.sana.sy\/es\/index.php?rest_route=%2Fwp%2Fv2%2Fcategories&post=354010"},{"taxonomy":"post_tag","embeddable":true,"href":"https:\/\/archive.sana.sy\/es\/index.php?rest_route=%2Fwp%2Fv2%2Ftags&post=354010"}],"curies":[{"name":"wp","href":"https:\/\/api.w.org\/{rel}","templated":true}]}}