{"id":354026,"date":"2025-05-21T13:06:37","date_gmt":"2025-05-21T10:06:37","guid":{"rendered":"https:\/\/sana.sy\/es\/?p=354026"},"modified":"2025-05-21T13:07:20","modified_gmt":"2025-05-21T10:07:20","slug":"washington-y-ankara-acuerdan-mayor-cooperacion-para-lograr-estabilidad-en-siria","status":"publish","type":"post","link":"https:\/\/archive.sana.sy\/es\/?p=354026","title":{"rendered":"Washington y Ankara acuerdan mayor cooperaci\u00f3n para lograr estabilidad en Siria"},"content":{"rendered":"<p style=\"text-align: justify;\"><span style=\"color: #800000;\"><strong>Washington, 21 may (SANA)\u00a0 \u00a0<\/strong><\/span> El grupo de trabajo entre Estados Unidos y T\u00fcrkiye afirm\u00f3 el compromiso de los gobiernos turco y estadounidense con la estabilidad y la soberan\u00eda de Siria.<\/p>\n<p style=\"text-align: justify;\">En una declaraci\u00f3n conjunta emitida por el Departamento de Estado de EE.UU., T\u00fcrkiye y Estados Unidos se comprometieron a aumentar la cooperaci\u00f3n y la coordinaci\u00f3n para lograr la estabilidad y seguridad en Siria.<\/p>\n<p style=\"text-align: justify;\">Intercambiamos sobre la importancia de implementar la decisi\u00f3n del presidente Trump de levantar las sanciones a Siria y destacamos la importancia de preservar la unidad, integridad y estabilidad de esta naci\u00f3n \u00e1rabe, declar\u00f3 el subsecretario de Asuntos Exteriores de Estados Unidos, Christopher Landau, Tras la reuni\u00f3n con su hom\u00f3loga turca, Nuh Yilma.<\/p>\n<p style=\"text-align: justify;\">Landau se\u00f1al\u00f3 que las relaciones turco-estadounidenses entraron en una nueva fase de asociaci\u00f3n y cooperaci\u00f3n destinada a lograr la paz y mejorar el comercio y la econom\u00eda.<\/p>\n","protected":false},"excerpt":{"rendered":"<p>Washington, 21 may (SANA)\u00a0 \u00a0 El grupo de trabajo entre Estados Unidos y T\u00fcrkiye afirm\u00f3 el compromiso de los gobiernos turco y estadounidense con la estabilidad y la soberan\u00eda de Siria. En una declaraci\u00f3n conjunta emitida por el Departamento de Estado de EE.UU., T\u00fcrkiye y Estados Unidos se comprometieron a aumentar la cooperaci\u00f3n y la &hellip;<\/p>\n","protected":false},"author":35,"featured_media":354027,"comment_status":"closed","ping_status":"closed","sticky":false,"template":"","format":"standard","meta":{"footnotes":""},"categories":[597,20724,467,7541],"tags":[],"class_list":["post-354026","post","type-post","status-publish","format-standard","has-post-thumbnail","","category-cinta-de-noticias","category-minuto-a-minuto","category-siria-y-el-mundo","category-ultimas-noticias"],"_links":{"self":[{"href":"https:\/\/archive.sana.sy\/es\/index.php?rest_route=\/wp\/v2\/posts\/354026"}],"collection":[{"href":"https:\/\/archive.sana.sy\/es\/index.php?rest_route=\/wp\/v2\/posts"}],"about":[{"href":"https:\/\/archive.sana.sy\/es\/index.php?rest_route=\/wp\/v2\/types\/post"}],"author":[{"embeddable":true,"href":"https:\/\/archive.sana.sy\/es\/index.php?rest_route=\/wp\/v2\/users\/35"}],"replies":[{"embeddable":true,"href":"https:\/\/archive.sana.sy\/es\/index.php?rest_route=%2Fwp%2Fv2%2Fcomments&post=354026"}],"version-history":[{"count":2,"href":"https:\/\/archive.sana.sy\/es\/index.php?rest_route=\/wp\/v2\/posts\/354026\/revisions"}],"predecessor-version":[{"id":354029,"href":"https:\/\/archive.sana.sy\/es\/index.php?rest_route=\/wp\/v2\/posts\/354026\/revisions\/354029"}],"wp:featuredmedia":[{"embeddable":true,"href":"https:\/\/archive.sana.sy\/es\/index.php?rest_route=\/wp\/v2\/media\/354027"}],"wp:attachment":[{"href":"https:\/\/archive.sana.sy\/es\/index.php?rest_route=%2Fwp%2Fv2%2Fmedia&parent=354026"}],"wp:term":[{"taxonomy":"category","embeddable":true,"href":"https:\/\/archive.sana.sy\/es\/index.php?rest_route=%2Fwp%2Fv2%2Fcategories&post=354026"},{"taxonomy":"post_tag","embeddable":true,"href":"https:\/\/archive.sana.sy\/es\/index.php?rest_route=%2Fwp%2Fv2%2Ftags&post=354026"}],"curies":[{"name":"wp","href":"https:\/\/api.w.org\/{rel}","templated":true}]}}