{"id":354064,"date":"2025-05-21T18:27:30","date_gmt":"2025-05-21T15:27:30","guid":{"rendered":"https:\/\/sana.sy\/es\/?p=354064"},"modified":"2025-05-21T18:27:30","modified_gmt":"2025-05-21T15:27:30","slug":"siria-y-turkiye-trabajaran-juntos-para-impulsar-el-desarrollo-del-sector-educativo","status":"publish","type":"post","link":"https:\/\/archive.sana.sy\/es\/?p=354064","title":{"rendered":"Siria y Turkiye trabajar\u00e1n juntos para impulsar el desarrollo del sector educativo"},"content":{"rendered":"<p style=\"text-align: justify\"><span style=\"color: #800000\"><strong>Londres, 21 may (SANA)<\/strong><\/span> El ministro de Educaci\u00f3n, Mohamad Abdulrahman Tarko, se reuni\u00f3 hoy en Londres con su hom\u00f3logo turco, Yusuf Tekin, en el marco del Foro Mundial de Educaci\u00f3n (EWF 2025).<\/p>\n<p style=\"text-align: justify\">Durante el encuentro, ambas partes examinaron estrategias para fortalecer la cooperaci\u00f3n bilateral en el \u00e1mbito educativo, incluyendo la creaci\u00f3n de comit\u00e9s especializados que coordinen esfuerzos conjuntos para mejorar el sistema educativo y superar los desaf\u00edos actuales que enfrenta este sector en los dos pa\u00edses.<\/p>\n<p style=\"text-align: justify\">Asimismo, expresaron su compromiso de establecer relaciones s\u00f3lidas basadas en la constante coordinaci\u00f3n y el apoyo mutuo, con el objetivo de impulsar una transformaci\u00f3n cualitativa en la educaci\u00f3n y garantizar un futuro m\u00e1s prometedor para los estudiantes.<\/p>\n<p style=\"text-align: justify\">El 19 de mayo, en la capital brit\u00e1nica, dieron inicio las actividades del Foro Mundial de Educaci\u00f3n (EWF 2025), un evento internacional en el que Siria participa por primera vez.<\/p>\n<p style=\"text-align: justify\">\n","protected":false},"excerpt":{"rendered":"<p>Londres, 21 may (SANA) El ministro de Educaci\u00f3n, Mohamad Abdulrahman Tarko, se reuni\u00f3 hoy en Londres con su hom\u00f3logo turco, Yusuf Tekin, en el marco del Foro Mundial de Educaci\u00f3n (EWF 2025). Durante el encuentro, ambas partes examinaron estrategias para fortalecer la cooperaci\u00f3n bilateral en el \u00e1mbito educativo, incluyendo la creaci\u00f3n de comit\u00e9s especializados que &hellip;<\/p>\n","protected":false},"author":24,"featured_media":354066,"comment_status":"closed","ping_status":"closed","sticky":false,"template":"","format":"standard","meta":{"footnotes":""},"categories":[597,20724,467,7541,1],"tags":[],"class_list":["post-354064","post","type-post","status-publish","format-standard","has-post-thumbnail","","category-cinta-de-noticias","category-minuto-a-minuto","category-siria-y-el-mundo","category-ultimas-noticias","category-news-not-sorted"],"_links":{"self":[{"href":"https:\/\/archive.sana.sy\/es\/index.php?rest_route=\/wp\/v2\/posts\/354064"}],"collection":[{"href":"https:\/\/archive.sana.sy\/es\/index.php?rest_route=\/wp\/v2\/posts"}],"about":[{"href":"https:\/\/archive.sana.sy\/es\/index.php?rest_route=\/wp\/v2\/types\/post"}],"author":[{"embeddable":true,"href":"https:\/\/archive.sana.sy\/es\/index.php?rest_route=\/wp\/v2\/users\/24"}],"replies":[{"embeddable":true,"href":"https:\/\/archive.sana.sy\/es\/index.php?rest_route=%2Fwp%2Fv2%2Fcomments&post=354064"}],"version-history":[{"count":1,"href":"https:\/\/archive.sana.sy\/es\/index.php?rest_route=\/wp\/v2\/posts\/354064\/revisions"}],"predecessor-version":[{"id":354067,"href":"https:\/\/archive.sana.sy\/es\/index.php?rest_route=\/wp\/v2\/posts\/354064\/revisions\/354067"}],"wp:featuredmedia":[{"embeddable":true,"href":"https:\/\/archive.sana.sy\/es\/index.php?rest_route=\/wp\/v2\/media\/354066"}],"wp:attachment":[{"href":"https:\/\/archive.sana.sy\/es\/index.php?rest_route=%2Fwp%2Fv2%2Fmedia&parent=354064"}],"wp:term":[{"taxonomy":"category","embeddable":true,"href":"https:\/\/archive.sana.sy\/es\/index.php?rest_route=%2Fwp%2Fv2%2Fcategories&post=354064"},{"taxonomy":"post_tag","embeddable":true,"href":"https:\/\/archive.sana.sy\/es\/index.php?rest_route=%2Fwp%2Fv2%2Ftags&post=354064"}],"curies":[{"name":"wp","href":"https:\/\/api.w.org\/{rel}","templated":true}]}}