{"id":35412,"date":"2015-12-21T18:50:10","date_gmt":"2015-12-21T16:50:10","guid":{"rendered":"http:\/\/sana.sy\/es\/?p=35412"},"modified":"2015-12-21T18:50:10","modified_gmt":"2015-12-21T16:50:10","slug":"organizacion-de-tratado-de-seguridad-colectiva-llaman-a-luchar-contra-el-terrorismo-en-siria","status":"publish","type":"post","link":"https:\/\/archive.sana.sy\/es\/?p=35412","title":{"rendered":"Organizaci\u00f3n de Tratado de Seguridad Colectiva llaman a luchar contra el terrorismo en Siria"},"content":{"rendered":"<p>Mosc\u00fa-SANA<\/p>\n<p>Los l\u00edderes de la Organizaci\u00f3n de Tratado de Seguridad Colectiva han llamado a combatir el terrorismo en Siria, haciendo hincapi\u00e9 que la lucha contra el DAESH constituye una prioridad para la organizaci\u00f3n.<\/p>\n<p>El canal RT cit\u00f3 a la organizaci\u00f3n diciendo en su declaraci\u00f3n final tras su cumbre, \u00a8los l\u00edderes de los pa\u00edses miembros del tratado apoyan los esfuerzos internacionales encaminadas a luchar contra el terrorismo en Siria.<\/p>\n<p>La declaraci\u00f3n tambi\u00e9n exhort\u00f3 a todos los pa\u00edses a comprometerse con la aplicaci\u00f3n de las resoluciones del Consejo de Seguridad y la ONU relacionadas con la lucha antiterrorista.<\/p>\n<p>En este sentido, el presidente armenio dijo que los estados miembros del tratado llamaron a crear una alianza internacional amplia para combatir el terrorismo de conformidad con los principios de la ONU y la ley internacional.<\/p>\n<p>Destac\u00f3 as\u00ed la importancia de cortar las fuentes de financiaci\u00f3n del terrorismo para hacer frente a este flagelo con eficacia.<\/p>\n<p>Yamil K.<\/p>\n","protected":false},"excerpt":{"rendered":"<p>Mosc\u00fa-SANA Los l\u00edderes de la Organizaci\u00f3n de Tratado de Seguridad Colectiva han llamado a combatir el terrorismo en Siria, haciendo hincapi\u00e9 que la lucha contra el DAESH constituye una prioridad para la organizaci\u00f3n. El canal RT cit\u00f3 a la organizaci\u00f3n diciendo en su declaraci\u00f3n final tras su cumbre, \u00a8los l\u00edderes de los pa\u00edses miembros del &hellip;<\/p>\n","protected":false},"author":1,"featured_media":35413,"comment_status":"closed","ping_status":"closed","sticky":false,"template":"","format":"standard","meta":{"footnotes":""},"categories":[456,457,576,7541],"tags":[],"class_list":["post-35412","post","type-post","status-publish","format-standard","has-post-thumbnail","","category-arabe-internacional-politica","category-noticias-arabe-internacional-politica","category-noticias-politicas","category-ultimas-noticias"],"_links":{"self":[{"href":"https:\/\/archive.sana.sy\/es\/index.php?rest_route=\/wp\/v2\/posts\/35412"}],"collection":[{"href":"https:\/\/archive.sana.sy\/es\/index.php?rest_route=\/wp\/v2\/posts"}],"about":[{"href":"https:\/\/archive.sana.sy\/es\/index.php?rest_route=\/wp\/v2\/types\/post"}],"author":[{"embeddable":true,"href":"https:\/\/archive.sana.sy\/es\/index.php?rest_route=\/wp\/v2\/users\/1"}],"replies":[{"embeddable":true,"href":"https:\/\/archive.sana.sy\/es\/index.php?rest_route=%2Fwp%2Fv2%2Fcomments&post=35412"}],"version-history":[{"count":0,"href":"https:\/\/archive.sana.sy\/es\/index.php?rest_route=\/wp\/v2\/posts\/35412\/revisions"}],"wp:featuredmedia":[{"embeddable":true,"href":"https:\/\/archive.sana.sy\/es\/index.php?rest_route=\/wp\/v2\/media\/35413"}],"wp:attachment":[{"href":"https:\/\/archive.sana.sy\/es\/index.php?rest_route=%2Fwp%2Fv2%2Fmedia&parent=35412"}],"wp:term":[{"taxonomy":"category","embeddable":true,"href":"https:\/\/archive.sana.sy\/es\/index.php?rest_route=%2Fwp%2Fv2%2Fcategories&post=35412"},{"taxonomy":"post_tag","embeddable":true,"href":"https:\/\/archive.sana.sy\/es\/index.php?rest_route=%2Fwp%2Fv2%2Ftags&post=35412"}],"curies":[{"name":"wp","href":"https:\/\/api.w.org\/{rel}","templated":true}]}}