{"id":35415,"date":"2015-12-21T18:57:26","date_gmt":"2015-12-21T16:57:26","guid":{"rendered":"http:\/\/sana.sy\/es\/?p=35415"},"modified":"2015-12-21T18:57:26","modified_gmt":"2015-12-21T16:57:26","slug":"china-convocara-a-representantes-del-gobierno-y-la-oposicion-siria-para-impulsar-proceso-politico-para-la-crisis-siria","status":"publish","type":"post","link":"https:\/\/archive.sana.sy\/es\/?p=35415","title":{"rendered":"China convocar\u00e1 a representantes del gobierno y la oposici\u00f3n siria para impulsar proceso pol\u00edtico para la crisis siria"},"content":{"rendered":"<p>Pek\u00edn-SANA<\/p>\n<p>China ha anunciado hoy que convocar\u00eda a representantes del gobierno sirio y de la oposici\u00f3n a visitar el pa\u00eds asi\u00e1tico a fin de impulsar el proceso pol\u00edtico encaminado a solucionar la crisis de Siria.<\/p>\n<p>RUETERS cit\u00f3 al portavoz del ministerio chino de exteriores, diciendo que el canciller chino anunci\u00f3 durante el \u00faltimo encuentro ministerial sobre Siria celebrado recientemente en Nueva York, que China convocar\u00eda a representantes del gobierno sirio y de la oposici\u00f3n a visitar el pa\u00eds asi\u00e1tico a fin de impulsar el proceso pol\u00edtico encaminado a solucionar la crisis de Siria.<\/p>\n<p>Yamil K.<\/p>\n","protected":false},"excerpt":{"rendered":"<p>Pek\u00edn-SANA China ha anunciado hoy que convocar\u00eda a representantes del gobierno sirio y de la oposici\u00f3n a visitar el pa\u00eds asi\u00e1tico a fin de impulsar el proceso pol\u00edtico encaminado a solucionar la crisis de Siria. RUETERS cit\u00f3 al portavoz del ministerio chino de exteriores, diciendo que el canciller chino anunci\u00f3 durante el \u00faltimo encuentro ministerial &hellip;<\/p>\n","protected":false},"author":1,"featured_media":35416,"comment_status":"closed","ping_status":"closed","sticky":false,"template":"","format":"standard","meta":{"footnotes":""},"categories":[456,457,576,7541],"tags":[],"class_list":["post-35415","post","type-post","status-publish","format-standard","has-post-thumbnail","","category-arabe-internacional-politica","category-noticias-arabe-internacional-politica","category-noticias-politicas","category-ultimas-noticias"],"_links":{"self":[{"href":"https:\/\/archive.sana.sy\/es\/index.php?rest_route=\/wp\/v2\/posts\/35415"}],"collection":[{"href":"https:\/\/archive.sana.sy\/es\/index.php?rest_route=\/wp\/v2\/posts"}],"about":[{"href":"https:\/\/archive.sana.sy\/es\/index.php?rest_route=\/wp\/v2\/types\/post"}],"author":[{"embeddable":true,"href":"https:\/\/archive.sana.sy\/es\/index.php?rest_route=\/wp\/v2\/users\/1"}],"replies":[{"embeddable":true,"href":"https:\/\/archive.sana.sy\/es\/index.php?rest_route=%2Fwp%2Fv2%2Fcomments&post=35415"}],"version-history":[{"count":0,"href":"https:\/\/archive.sana.sy\/es\/index.php?rest_route=\/wp\/v2\/posts\/35415\/revisions"}],"wp:featuredmedia":[{"embeddable":true,"href":"https:\/\/archive.sana.sy\/es\/index.php?rest_route=\/wp\/v2\/media\/35416"}],"wp:attachment":[{"href":"https:\/\/archive.sana.sy\/es\/index.php?rest_route=%2Fwp%2Fv2%2Fmedia&parent=35415"}],"wp:term":[{"taxonomy":"category","embeddable":true,"href":"https:\/\/archive.sana.sy\/es\/index.php?rest_route=%2Fwp%2Fv2%2Fcategories&post=35415"},{"taxonomy":"post_tag","embeddable":true,"href":"https:\/\/archive.sana.sy\/es\/index.php?rest_route=%2Fwp%2Fv2%2Ftags&post=35415"}],"curies":[{"name":"wp","href":"https:\/\/api.w.org\/{rel}","templated":true}]}}