{"id":35421,"date":"2015-12-21T19:45:12","date_gmt":"2015-12-21T17:45:12","guid":{"rendered":"http:\/\/sana.sy\/es\/?p=35421"},"modified":"2015-12-22T14:42:47","modified_gmt":"2015-12-22T12:42:47","slug":"al-assad-encomienda-al-embajador-siria-en-beirut-ofrecer-las-condolencias-por-la-martirologio-de-quntar","status":"publish","type":"post","link":"https:\/\/archive.sana.sy\/es\/?p=35421","title":{"rendered":"Al-Assad encomienda al Embajador de siria en Beirut ofrecer las condolencias por la martirologio de Quntar"},"content":{"rendered":"<p>Damasco-SANA<\/p>\n<p>Encomendado por el Presidente Bashar Al-Assad, el embajador sirio en el L\u00edbano, Ali Abdel Karim, ha ofrecido las condolencias al partido liban\u00e9s Hezbol\u00e1 y a los familiares del m\u00e1rtir de la resistencia Samir al Quntar.<\/p>\n<p>El Embajador Abdel Karim, recalc\u00f3 que el crimen terrorista que se cobr\u00f3 la vida del luchador Samir al Quntar, fue llevado a cabo tras las victorias logradas por Siria y la resistencia libanesa y su eje contra el terrorismo con su doble cara, israel\u00ed y takfir\u00ed, afirmando que le m\u00e1rtir al Quntar permanecer\u00e1 vivo en la conciencia de la resistencia y de toda la naci\u00f3n.<\/p>\n<p>Yamil K.<\/p>\n","protected":false},"excerpt":{"rendered":"<p>Damasco-SANA Encomendado por el Presidente Bashar Al-Assad, el embajador sirio en el L\u00edbano, Ali Abdel Karim, ha ofrecido las condolencias al partido liban\u00e9s Hezbol\u00e1 y a los familiares del m\u00e1rtir de la resistencia Samir al Quntar. El Embajador Abdel Karim, recalc\u00f3 que el crimen terrorista que se cobr\u00f3 la vida del luchador Samir al Quntar, &hellip;<\/p>\n","protected":false},"author":1,"featured_media":35422,"comment_status":"closed","ping_status":"closed","sticky":false,"template":"","format":"standard","meta":{"footnotes":""},"categories":[477,456,476,457,576,7541],"tags":[],"class_list":["post-35421","post","type-post","status-publish","format-standard","has-post-thumbnail","","category-noticias-edulcorantes","category-arabe-internacional-politica","category-locales","category-noticias-arabe-internacional-politica","category-noticias-politicas","category-ultimas-noticias"],"_links":{"self":[{"href":"https:\/\/archive.sana.sy\/es\/index.php?rest_route=\/wp\/v2\/posts\/35421"}],"collection":[{"href":"https:\/\/archive.sana.sy\/es\/index.php?rest_route=\/wp\/v2\/posts"}],"about":[{"href":"https:\/\/archive.sana.sy\/es\/index.php?rest_route=\/wp\/v2\/types\/post"}],"author":[{"embeddable":true,"href":"https:\/\/archive.sana.sy\/es\/index.php?rest_route=\/wp\/v2\/users\/1"}],"replies":[{"embeddable":true,"href":"https:\/\/archive.sana.sy\/es\/index.php?rest_route=%2Fwp%2Fv2%2Fcomments&post=35421"}],"version-history":[{"count":0,"href":"https:\/\/archive.sana.sy\/es\/index.php?rest_route=\/wp\/v2\/posts\/35421\/revisions"}],"wp:featuredmedia":[{"embeddable":true,"href":"https:\/\/archive.sana.sy\/es\/index.php?rest_route=\/wp\/v2\/media\/35422"}],"wp:attachment":[{"href":"https:\/\/archive.sana.sy\/es\/index.php?rest_route=%2Fwp%2Fv2%2Fmedia&parent=35421"}],"wp:term":[{"taxonomy":"category","embeddable":true,"href":"https:\/\/archive.sana.sy\/es\/index.php?rest_route=%2Fwp%2Fv2%2Fcategories&post=35421"},{"taxonomy":"post_tag","embeddable":true,"href":"https:\/\/archive.sana.sy\/es\/index.php?rest_route=%2Fwp%2Fv2%2Ftags&post=35421"}],"curies":[{"name":"wp","href":"https:\/\/api.w.org\/{rel}","templated":true}]}}