{"id":354222,"date":"2025-05-23T14:47:20","date_gmt":"2025-05-23T11:47:20","guid":{"rendered":"https:\/\/sana.sy\/es\/?p=354222"},"modified":"2025-05-23T14:47:20","modified_gmt":"2025-05-23T11:47:20","slug":"siria-y-la-alianza-global-para-vacunas-e-inmunizacion-examinan-formas-de-cooperacion-y-coordinacion-tecnica-e-institucional","status":"publish","type":"post","link":"https:\/\/archive.sana.sy\/es\/?p=354222","title":{"rendered":"Siria y la Alianza Global para Vacunas e Inmunizaci\u00f3n examinan formas de cooperaci\u00f3n y coordinaci\u00f3n t\u00e9cnica e institucional"},"content":{"rendered":"<p style=\"text-align: justify;\"><span style=\"color: #800000;\"><strong>Ginebra, 23 (SANA)\u00a0<\/strong><\/span> El ministro de Salud, Musab Al-Ali, examin\u00f3 con Veronique Maiova-Fague, funcionaria responsable del expediente de Siria en la Alianza Global para Vacunas e Inmunizaci\u00f3n (Gavi), las perspectivas de cooperaci\u00f3n para mejorar el apoyo a Siria con vacunas esenciales.<\/p>\n<p style=\"text-align: justify;\"><img loading=\"lazy\" decoding=\"async\" class=\"size-medium wp-image-354224 alignright\" src=\"http:\/\/sana.sy\/es\/wp-content\/uploads\/2025\/05\/photo_3_2025-05-23_14-22-48-copy-300x200.jpg\" alt=\"\" width=\"300\" height=\"200\" srcset=\"https:\/\/archive.sana.sy\/es\/wp-content\/uploads\/2025\/05\/photo_3_2025-05-23_14-22-48-copy-300x200.jpg 300w, https:\/\/archive.sana.sy\/es\/wp-content\/uploads\/2025\/05\/photo_3_2025-05-23_14-22-48-copy-150x100.jpg 150w, https:\/\/archive.sana.sy\/es\/wp-content\/uploads\/2025\/05\/photo_3_2025-05-23_14-22-48-copy.jpg 660w\" sizes=\"(max-width: 300px) 100vw, 300px\" \/><\/p>\n<p style=\"text-align: justify;\">Durante una reuni\u00f3n realizada en el marco de la 78\u00aa Asamblea Mundial de la Salud en Ginebra, ambas partes abordaron mecanismos para ampliar los programas nacionales de vacunaci\u00f3n para garantizar que las vacunas lleguen a todos los grupos objetivo, en particular los ni\u00f1os en las zonas m\u00e1s vulnerables.<\/p>\n<p style=\"text-align: justify;\">El titular sirio enfatiz\u00f3 que garantizar la disponibilidad de vacunas es una prioridad para los trabajadores de la salud en Siria, y se refiri\u00f3 a los desaf\u00edos log\u00edsticos y t\u00e9cnicos que enfrenta el sector de la salud debido a las circunstancias excepcionales.<\/p>\n<p style=\"text-align: justify;\"><img loading=\"lazy\" decoding=\"async\" class=\"size-medium wp-image-354225 alignright\" src=\"http:\/\/sana.sy\/es\/wp-content\/uploads\/2025\/05\/photo_2_2025-05-23_14-22-48-copy-300x197.jpg\" alt=\"\" width=\"300\" height=\"197\" srcset=\"https:\/\/archive.sana.sy\/es\/wp-content\/uploads\/2025\/05\/photo_2_2025-05-23_14-22-48-copy-300x197.jpg 300w, https:\/\/archive.sana.sy\/es\/wp-content\/uploads\/2025\/05\/photo_2_2025-05-23_14-22-48-copy-150x99.jpg 150w, https:\/\/archive.sana.sy\/es\/wp-content\/uploads\/2025\/05\/photo_2_2025-05-23_14-22-48-copy-310x205.jpg 310w, https:\/\/archive.sana.sy\/es\/wp-content\/uploads\/2025\/05\/photo_2_2025-05-23_14-22-48-copy.jpg 660w\" sizes=\"(max-width: 300px) 100vw, 300px\" \/><\/p>\n<p style=\"text-align: justify;\">Por su parte, la funcionaria de la referida entidad internacional expres\u00f3 el inter\u00e9s de la coalici\u00f3n en continuar su asociaci\u00f3n con Siria, y afirm\u00f3 su compromiso de apoyar los esfuerzos nacionales para mejorar la cobertura de vacunaci\u00f3n y prepararse para cualquier emergencia pand\u00e9mica.<\/p>\n<p style=\"text-align: justify;\">Durante la reuni\u00f3n, ambas partes acordaron continuar la coordinaci\u00f3n t\u00e9cnica e institucional para garantizar la estabilidad y el desarrollo de los programas de inmunizaci\u00f3n en Siria.<\/p>\n","protected":false},"excerpt":{"rendered":"<p>Ginebra, 23 (SANA)\u00a0 El ministro de Salud, Musab Al-Ali, examin\u00f3 con Veronique Maiova-Fague, funcionaria responsable del expediente de Siria en la Alianza Global para Vacunas e Inmunizaci\u00f3n (Gavi), las perspectivas de cooperaci\u00f3n para mejorar el apoyo a Siria con vacunas esenciales. Durante una reuni\u00f3n realizada en el marco de la 78\u00aa Asamblea Mundial de la &hellip;<\/p>\n","protected":false},"author":39,"featured_media":354223,"comment_status":"closed","ping_status":"closed","sticky":false,"template":"","format":"standard","meta":{"footnotes":""},"categories":[597,456,20724,467,7541],"tags":[],"class_list":["post-354222","post","type-post","status-publish","format-standard","has-post-thumbnail","","category-cinta-de-noticias","category-arabe-internacional-politica","category-minuto-a-minuto","category-siria-y-el-mundo","category-ultimas-noticias"],"_links":{"self":[{"href":"https:\/\/archive.sana.sy\/es\/index.php?rest_route=\/wp\/v2\/posts\/354222"}],"collection":[{"href":"https:\/\/archive.sana.sy\/es\/index.php?rest_route=\/wp\/v2\/posts"}],"about":[{"href":"https:\/\/archive.sana.sy\/es\/index.php?rest_route=\/wp\/v2\/types\/post"}],"author":[{"embeddable":true,"href":"https:\/\/archive.sana.sy\/es\/index.php?rest_route=\/wp\/v2\/users\/39"}],"replies":[{"embeddable":true,"href":"https:\/\/archive.sana.sy\/es\/index.php?rest_route=%2Fwp%2Fv2%2Fcomments&post=354222"}],"version-history":[{"count":1,"href":"https:\/\/archive.sana.sy\/es\/index.php?rest_route=\/wp\/v2\/posts\/354222\/revisions"}],"predecessor-version":[{"id":354226,"href":"https:\/\/archive.sana.sy\/es\/index.php?rest_route=\/wp\/v2\/posts\/354222\/revisions\/354226"}],"wp:featuredmedia":[{"embeddable":true,"href":"https:\/\/archive.sana.sy\/es\/index.php?rest_route=\/wp\/v2\/media\/354223"}],"wp:attachment":[{"href":"https:\/\/archive.sana.sy\/es\/index.php?rest_route=%2Fwp%2Fv2%2Fmedia&parent=354222"}],"wp:term":[{"taxonomy":"category","embeddable":true,"href":"https:\/\/archive.sana.sy\/es\/index.php?rest_route=%2Fwp%2Fv2%2Fcategories&post=354222"},{"taxonomy":"post_tag","embeddable":true,"href":"https:\/\/archive.sana.sy\/es\/index.php?rest_route=%2Fwp%2Fv2%2Ftags&post=354222"}],"curies":[{"name":"wp","href":"https:\/\/api.w.org\/{rel}","templated":true}]}}