{"id":35424,"date":"2015-12-21T19:51:14","date_gmt":"2015-12-21T17:51:14","guid":{"rendered":"http:\/\/sana.sy\/es\/?p=35424"},"modified":"2015-12-21T19:51:14","modified_gmt":"2015-12-21T17:51:14","slug":"el-martir-quntar-en-un-acto-funebre-es-llevado-a-su-ultima-morada","status":"publish","type":"post","link":"https:\/\/archive.sana.sy\/es\/?p=35424","title":{"rendered":"El m\u00e1rtir Quntar en un acto f\u00fanebre es llevado a su \u00faltima morada"},"content":{"rendered":"<p>Beirut-SANA<\/p>\n<p>Una gran multitud de los partidarios de la resistencia junto con una participaci\u00f3n popular notable, han celebrado el funeral del h\u00e9roe de la resistencia, el m\u00e1rtir Samir Quntar, en el suburbio capitalino liban\u00e9s Al Dahiye al Yunubiye.<\/p>\n<p>El insigne m\u00e1rtir fue asesinado junto a varios ciudadanos por un bombardeo terrorista enemigo con misiles contra un inmueble residencial en la ciudad de Yaramana, pr\u00f3xima a Damasco.<\/p>\n<p>El Presidente del Consejo Ejecutivo en el partido liban\u00e9s Hezbol\u00e1, Hashem Safaddin, dijo durante el acto f\u00fanebre que el m\u00e1rtir Samir Quntar es el m\u00e1rtir de la resistencia \u00e1rabe y en su persona amalgamaba un conjunto de valores y virtudes y nos transmit\u00eda a trav\u00e9s de su honestidad, valent\u00eda y pujanza que el enfoque de la resistencia y su camino es uno, el que nos lleva a Palestina y Jerusal\u00e9n.<\/p>\n<p>El dirigente en Hezbol\u00e1, explic\u00f3 que el insigne m\u00e1rtir ten\u00eda ante s\u00ed una meta m\u00e1s noble y venerable que la libertad, el martirologio, y es lo que finalmente encontr\u00f3, pues desde que abri\u00f3 sus ojos al mundo abraz\u00f3 la resistencia y la lucha y no conoci\u00f3 sino el lenguaje de la defensa de los derechos y la lucha por la liberaci\u00f3n de Palestina.<\/p>\n<p>Luego del acto, sus compa\u00f1eros de la resistencia, llevaron sus restos sobre los hombros a su \u00faltima morada en el cementerio de Al Hora\u00e1 Zeinab, donde fue sepultado en medio de exclamaciones de condena al enemigo israel\u00ed.<\/p>\n<p>Yamil K.<\/p>\n","protected":false},"excerpt":{"rendered":"<p>Beirut-SANA Una gran multitud de los partidarios de la resistencia junto con una participaci\u00f3n popular notable, han celebrado el funeral del h\u00e9roe de la resistencia, el m\u00e1rtir Samir Quntar, en el suburbio capitalino liban\u00e9s Al Dahiye al Yunubiye. El insigne m\u00e1rtir fue asesinado junto a varios ciudadanos por un bombardeo terrorista enemigo con misiles contra &hellip;<\/p>\n","protected":false},"author":1,"featured_media":35425,"comment_status":"closed","ping_status":"closed","sticky":false,"template":"","format":"standard","meta":{"footnotes":""},"categories":[456,457,576,7541],"tags":[],"class_list":["post-35424","post","type-post","status-publish","format-standard","has-post-thumbnail","","category-arabe-internacional-politica","category-noticias-arabe-internacional-politica","category-noticias-politicas","category-ultimas-noticias"],"_links":{"self":[{"href":"https:\/\/archive.sana.sy\/es\/index.php?rest_route=\/wp\/v2\/posts\/35424"}],"collection":[{"href":"https:\/\/archive.sana.sy\/es\/index.php?rest_route=\/wp\/v2\/posts"}],"about":[{"href":"https:\/\/archive.sana.sy\/es\/index.php?rest_route=\/wp\/v2\/types\/post"}],"author":[{"embeddable":true,"href":"https:\/\/archive.sana.sy\/es\/index.php?rest_route=\/wp\/v2\/users\/1"}],"replies":[{"embeddable":true,"href":"https:\/\/archive.sana.sy\/es\/index.php?rest_route=%2Fwp%2Fv2%2Fcomments&post=35424"}],"version-history":[{"count":0,"href":"https:\/\/archive.sana.sy\/es\/index.php?rest_route=\/wp\/v2\/posts\/35424\/revisions"}],"wp:featuredmedia":[{"embeddable":true,"href":"https:\/\/archive.sana.sy\/es\/index.php?rest_route=\/wp\/v2\/media\/35425"}],"wp:attachment":[{"href":"https:\/\/archive.sana.sy\/es\/index.php?rest_route=%2Fwp%2Fv2%2Fmedia&parent=35424"}],"wp:term":[{"taxonomy":"category","embeddable":true,"href":"https:\/\/archive.sana.sy\/es\/index.php?rest_route=%2Fwp%2Fv2%2Fcategories&post=35424"},{"taxonomy":"post_tag","embeddable":true,"href":"https:\/\/archive.sana.sy\/es\/index.php?rest_route=%2Fwp%2Fv2%2Ftags&post=35424"}],"curies":[{"name":"wp","href":"https:\/\/api.w.org\/{rel}","templated":true}]}}