{"id":35427,"date":"2015-12-21T20:38:37","date_gmt":"2015-12-21T18:38:37","guid":{"rendered":"http:\/\/sana.sy\/es\/?p=35427"},"modified":"2015-12-21T20:39:25","modified_gmt":"2015-12-21T18:39:25","slug":"shamkhani-combatir-el-terrorismo-es-una-necesidad-para-restaurar-la-seguridad-y-estabilidad-a-siria","status":"publish","type":"post","link":"https:\/\/archive.sana.sy\/es\/?p=35427","title":{"rendered":"Shamkhani: combatir el terrorismo es una necesidad para restaurar la seguridad y estabilidad a Siria"},"content":{"rendered":"<p>Teher\u00e1n-SANA<\/p>\n<p>El Secretario del Consejo Supremo de la Seguridad Nacional de Ir\u00e1n, Ali Shamkhani subray\u00f3 que debe haber un apoyo internacional al gobierno y ej\u00e9rcito sirio para crear las circunstancias necesarias para lanzar el proceso pol\u00edtico en Siria.<\/p>\n<p>Al recibir al presidente del Senado franc\u00e9s, Gerard Larcher, Shamkhani hizo hincapi\u00e9 en la necesidad de combatir el terrorismo a fin de restaurar la seguridad y estabilidad a Siria.<\/p>\n<p>Asimismo dijo que las pol\u00edticas err\u00f3neas de algunos pa\u00edses han contribuido a la creaci\u00f3n y la propagaci\u00f3n de organizaciones terroristas, para su posterior uso como una herramienta contra gobiernos leg\u00edtimos.<\/p>\n<p>\u201cLa eliminaci\u00f3n de las ra\u00edces del terrorismo y sus patrocinadores es la principal medida para erradicar las amenazas terroristas\u201d, ha agregado.<\/p>\n<p>El funcionario persa se\u00f1al\u00f3 la necesidad de que haya una participaci\u00f3n colectiva y sincera a nivel internacional para hacer frente al terrorismo que se ha convertido en un desaf\u00edo para la seguridad, la estabilidad y la paz internacional.<\/p>\n<p>Yamil K.<\/p>\n","protected":false},"excerpt":{"rendered":"<p>Teher\u00e1n-SANA El Secretario del Consejo Supremo de la Seguridad Nacional de Ir\u00e1n, Ali Shamkhani subray\u00f3 que debe haber un apoyo internacional al gobierno y ej\u00e9rcito sirio para crear las circunstancias necesarias para lanzar el proceso pol\u00edtico en Siria. Al recibir al presidente del Senado franc\u00e9s, Gerard Larcher, Shamkhani hizo hincapi\u00e9 en la necesidad de combatir &hellip;<\/p>\n","protected":false},"author":1,"featured_media":35428,"comment_status":"closed","ping_status":"closed","sticky":false,"template":"","format":"standard","meta":{"footnotes":""},"categories":[456,457,576,7541],"tags":[],"class_list":["post-35427","post","type-post","status-publish","format-standard","has-post-thumbnail","","category-arabe-internacional-politica","category-noticias-arabe-internacional-politica","category-noticias-politicas","category-ultimas-noticias"],"_links":{"self":[{"href":"https:\/\/archive.sana.sy\/es\/index.php?rest_route=\/wp\/v2\/posts\/35427"}],"collection":[{"href":"https:\/\/archive.sana.sy\/es\/index.php?rest_route=\/wp\/v2\/posts"}],"about":[{"href":"https:\/\/archive.sana.sy\/es\/index.php?rest_route=\/wp\/v2\/types\/post"}],"author":[{"embeddable":true,"href":"https:\/\/archive.sana.sy\/es\/index.php?rest_route=\/wp\/v2\/users\/1"}],"replies":[{"embeddable":true,"href":"https:\/\/archive.sana.sy\/es\/index.php?rest_route=%2Fwp%2Fv2%2Fcomments&post=35427"}],"version-history":[{"count":0,"href":"https:\/\/archive.sana.sy\/es\/index.php?rest_route=\/wp\/v2\/posts\/35427\/revisions"}],"wp:featuredmedia":[{"embeddable":true,"href":"https:\/\/archive.sana.sy\/es\/index.php?rest_route=\/wp\/v2\/media\/35428"}],"wp:attachment":[{"href":"https:\/\/archive.sana.sy\/es\/index.php?rest_route=%2Fwp%2Fv2%2Fmedia&parent=35427"}],"wp:term":[{"taxonomy":"category","embeddable":true,"href":"https:\/\/archive.sana.sy\/es\/index.php?rest_route=%2Fwp%2Fv2%2Fcategories&post=35427"},{"taxonomy":"post_tag","embeddable":true,"href":"https:\/\/archive.sana.sy\/es\/index.php?rest_route=%2Fwp%2Fv2%2Ftags&post=35427"}],"curies":[{"name":"wp","href":"https:\/\/api.w.org\/{rel}","templated":true}]}}