{"id":35431,"date":"2015-12-21T20:57:52","date_gmt":"2015-12-21T18:57:52","guid":{"rendered":"http:\/\/sana.sy\/es\/?p=35431"},"modified":"2015-12-21T20:57:52","modified_gmt":"2015-12-21T18:57:52","slug":"siria-y-pakistan-examinan-relaciones-bilaterales","status":"publish","type":"post","link":"https:\/\/archive.sana.sy\/es\/?p=35431","title":{"rendered":"Siria y Pakist\u00e1n examinan relaciones bilaterales"},"content":{"rendered":"<p>Damasco-SANA<\/p>\n<p>El ministro del Interior, Mohammad al-Shaar examin\u00f3 con el embajador paquistan\u00ed en Damasco Syed Athar Hussain Bukhari las relaciones bilaterales entre Siria y Pakist\u00e1n y los medios para desarrollarlas.<\/p>\n<p>Al-Shaar se\u00f1al\u00f3 que lo que est\u00e1 ocurriendo en Siria es un ataque terrorista contra la infraestructura del estado, y agreg\u00f3 que las organizaciones terroristas apoyadas por pa\u00edses \u00e1rabes y regionales intentan dividir los pueblos de la regi\u00f3n.<\/p>\n<p>El ministro afirm\u00f3 que Siria con el apoyo de sus amigos proseguir\u00e1 su lucha contra el terrorismo, hasta liberar cada pulgada de tierra siria de los terroristas.<\/p>\n<p>A su vez, Bujari expres\u00f3 la disposici\u00f3n de Pakist\u00e1n de cooperar e intercambiar informaci\u00f3n de inteligencia con Siria, y se\u00f1al\u00f3 que el terrorismo azota a ambos pa\u00edses ambos lo que requiere de esfuerzos conjuntos para combatirlo.<\/p>\n<p>Agreg\u00f3 que la postura de su pa\u00eds hacia la crisis en Siria es firme, y a\u00f1adi\u00f3 que cualquier soluci\u00f3n a la crisis debe ser elegida por los sirios y preserva la unidad de su pa\u00eds.<\/p>\n<p>Yamil K.<\/p>\n","protected":false},"excerpt":{"rendered":"<p>Damasco-SANA El ministro del Interior, Mohammad al-Shaar examin\u00f3 con el embajador paquistan\u00ed en Damasco Syed Athar Hussain Bukhari las relaciones bilaterales entre Siria y Pakist\u00e1n y los medios para desarrollarlas. Al-Shaar se\u00f1al\u00f3 que lo que est\u00e1 ocurriendo en Siria es un ataque terrorista contra la infraestructura del estado, y agreg\u00f3 que las organizaciones terroristas apoyadas &hellip;<\/p>\n","protected":false},"author":1,"featured_media":35432,"comment_status":"closed","ping_status":"closed","sticky":false,"template":"","format":"standard","meta":{"footnotes":""},"categories":[477,476,576],"tags":[],"class_list":["post-35431","post","type-post","status-publish","format-standard","has-post-thumbnail","","category-noticias-edulcorantes","category-locales","category-noticias-politicas"],"_links":{"self":[{"href":"https:\/\/archive.sana.sy\/es\/index.php?rest_route=\/wp\/v2\/posts\/35431"}],"collection":[{"href":"https:\/\/archive.sana.sy\/es\/index.php?rest_route=\/wp\/v2\/posts"}],"about":[{"href":"https:\/\/archive.sana.sy\/es\/index.php?rest_route=\/wp\/v2\/types\/post"}],"author":[{"embeddable":true,"href":"https:\/\/archive.sana.sy\/es\/index.php?rest_route=\/wp\/v2\/users\/1"}],"replies":[{"embeddable":true,"href":"https:\/\/archive.sana.sy\/es\/index.php?rest_route=%2Fwp%2Fv2%2Fcomments&post=35431"}],"version-history":[{"count":0,"href":"https:\/\/archive.sana.sy\/es\/index.php?rest_route=\/wp\/v2\/posts\/35431\/revisions"}],"wp:featuredmedia":[{"embeddable":true,"href":"https:\/\/archive.sana.sy\/es\/index.php?rest_route=\/wp\/v2\/media\/35432"}],"wp:attachment":[{"href":"https:\/\/archive.sana.sy\/es\/index.php?rest_route=%2Fwp%2Fv2%2Fmedia&parent=35431"}],"wp:term":[{"taxonomy":"category","embeddable":true,"href":"https:\/\/archive.sana.sy\/es\/index.php?rest_route=%2Fwp%2Fv2%2Fcategories&post=35431"},{"taxonomy":"post_tag","embeddable":true,"href":"https:\/\/archive.sana.sy\/es\/index.php?rest_route=%2Fwp%2Fv2%2Ftags&post=35431"}],"curies":[{"name":"wp","href":"https:\/\/api.w.org\/{rel}","templated":true}]}}