{"id":35434,"date":"2015-12-22T11:10:28","date_gmt":"2015-12-22T09:10:28","guid":{"rendered":"http:\/\/sana.sy\/es\/?p=35434"},"modified":"2015-12-22T11:10:28","modified_gmt":"2015-12-22T09:10:28","slug":"nasrallah-asesinato-de-al-quntar-no-quedara-sin-respuesta","status":"publish","type":"post","link":"https:\/\/archive.sana.sy\/es\/?p=35434","title":{"rendered":"Nasrallah: Asesinato de Al Quntar no quedar\u00e1 sin respuesta"},"content":{"rendered":"<p><span style=\"color: #800000\">Beirut, SANA<\/span><\/p>\n<p>El Secretario General de Hezbollah, Sayyed Hassan Nasrallah, responsabiliz\u00f3 al enemigo sionista del asesinato de Samir Al Quntar, decano de los presos en las c\u00e1rceles israel\u00edes.<\/p>\n<p>En un discurso televisado, Nasrallah afirm\u00f3 que la resistencia va a responder al asesinato de Al Quntar y a cualquiera asesinato de los cuadros de Hezbollah, en el lugar, tiempo y forma que estime conveniente.<\/p>\n<p>El l\u00edder de la resistencia libanesa precis\u00f3 que la resistencia tiene derecho a responder a este crimen y Hezbollah pondr\u00e1 a todos sus cuadros en funci\u00f3n de trabajar para cumplir ese derecho.<\/p>\n<p>Nasrallah asegur\u00f3 que &#8220;sin duda, el m\u00e1rtir Samir Kuntar fue asesinado en una operaci\u00f3n militar realizada por el enemigo israel\u00ed.&#8221;<\/p>\n<p>Asimismo, destac\u00f3 que &#8220;ni el asesinato de Samir Al Quntar ni de otros resistentes impedir\u00e1 a la resistencia de continuar en la marcha del sacrificio y la lucha&#8221;.<\/p>\n<p>Samir Al Quntar fue asesinado el d\u00eda 19 de este mes en un ataque terrorista contra el edificio donde reside en la ciudad de Jaramana cerca de Damasco.<\/p>\n<p><span style=\"color: #3366ff\">Fady ., Hala B.<\/span><\/p>\n","protected":false},"excerpt":{"rendered":"<p>Beirut, SANA El Secretario General de Hezbollah, Sayyed Hassan Nasrallah, responsabiliz\u00f3 al enemigo sionista del asesinato de Samir Al Quntar, decano de los presos en las c\u00e1rceles israel\u00edes. En un discurso televisado, Nasrallah afirm\u00f3 que la resistencia va a responder al asesinato de Al Quntar y a cualquiera asesinato de los cuadros de Hezbollah, en &hellip;<\/p>\n","protected":false},"author":1,"featured_media":35435,"comment_status":"closed","ping_status":"closed","sticky":false,"template":"","format":"standard","meta":{"footnotes":""},"categories":[597,456,457,576,7541],"tags":[7628],"class_list":["post-35434","post","type-post","status-publish","format-standard","has-post-thumbnail","","category-cinta-de-noticias","category-arabe-internacional-politica","category-noticias-arabe-internacional-politica","category-noticias-politicas","category-ultimas-noticias","tag-nasrallah-asesinato-de-al-quntar-no-quedara-sin-respuesta"],"_links":{"self":[{"href":"https:\/\/archive.sana.sy\/es\/index.php?rest_route=\/wp\/v2\/posts\/35434"}],"collection":[{"href":"https:\/\/archive.sana.sy\/es\/index.php?rest_route=\/wp\/v2\/posts"}],"about":[{"href":"https:\/\/archive.sana.sy\/es\/index.php?rest_route=\/wp\/v2\/types\/post"}],"author":[{"embeddable":true,"href":"https:\/\/archive.sana.sy\/es\/index.php?rest_route=\/wp\/v2\/users\/1"}],"replies":[{"embeddable":true,"href":"https:\/\/archive.sana.sy\/es\/index.php?rest_route=%2Fwp%2Fv2%2Fcomments&post=35434"}],"version-history":[{"count":0,"href":"https:\/\/archive.sana.sy\/es\/index.php?rest_route=\/wp\/v2\/posts\/35434\/revisions"}],"wp:featuredmedia":[{"embeddable":true,"href":"https:\/\/archive.sana.sy\/es\/index.php?rest_route=\/wp\/v2\/media\/35435"}],"wp:attachment":[{"href":"https:\/\/archive.sana.sy\/es\/index.php?rest_route=%2Fwp%2Fv2%2Fmedia&parent=35434"}],"wp:term":[{"taxonomy":"category","embeddable":true,"href":"https:\/\/archive.sana.sy\/es\/index.php?rest_route=%2Fwp%2Fv2%2Fcategories&post=35434"},{"taxonomy":"post_tag","embeddable":true,"href":"https:\/\/archive.sana.sy\/es\/index.php?rest_route=%2Fwp%2Fv2%2Ftags&post=35434"}],"curies":[{"name":"wp","href":"https:\/\/api.w.org\/{rel}","templated":true}]}}