{"id":35443,"date":"2015-12-22T13:06:47","date_gmt":"2015-12-22T11:06:47","guid":{"rendered":"http:\/\/sana.sy\/es\/?p=35443"},"modified":"2015-12-22T13:56:48","modified_gmt":"2015-12-22T11:56:48","slug":"canciller-sirio-visitara-china-la-semana-en-curso","status":"publish","type":"post","link":"https:\/\/archive.sana.sy\/es\/?p=35443","title":{"rendered":"Canciller sirio visitar\u00e1 China la semana en curso"},"content":{"rendered":"<p><span style=\"color: #800000\">Pek\u00edn, SANA<\/span><\/p>\n<p>El portavoz de la canciller\u00eda china, Hong Lei, anunci\u00f3 que el Ministro de Exteriores y Expatriados, Walid Al Moallem, visitar\u00e1 a China esta semana.<\/p>\n<p>En una declaraci\u00f3n a la prensa, Lee dijo que Al Moallem visitar\u00e1 China del 23 al 26 diciembre de este a\u00f1o, y se reunir\u00e1 con su hom\u00f3logo chino, Wang Yi.<\/p>\n<p>El vocero chino hab\u00eda anunciado que su pa\u00eds invitar\u00e1 a representantes del gobierno sirio y de la oposici\u00f3n para visitar China con el fin de impulsar una soluci\u00f3n pol\u00edtica a la crisis.<\/p>\n<p>Fady M., Hala B.<\/p>\n","protected":false},"excerpt":{"rendered":"<p>Pek\u00edn, SANA El portavoz de la canciller\u00eda china, Hong Lei, anunci\u00f3 que el Ministro de Exteriores y Expatriados, Walid Al Moallem, visitar\u00e1 a China esta semana. En una declaraci\u00f3n a la prensa, Lee dijo que Al Moallem visitar\u00e1 China del 23 al 26 diciembre de este a\u00f1o, y se reunir\u00e1 con su hom\u00f3logo chino, Wang &hellip;<\/p>\n","protected":false},"author":1,"featured_media":35444,"comment_status":"closed","ping_status":"closed","sticky":false,"template":"","format":"standard","meta":{"footnotes":""},"categories":[597,457,576,583,7541],"tags":[7631],"class_list":["post-35443","post","type-post","status-publish","format-standard","has-post-thumbnail","","category-cinta-de-noticias","category-noticias-arabe-internacional-politica","category-noticias-politicas","category-slide","category-ultimas-noticias","tag-canciller-sirio-visitara-china-la-semana-en-curso"],"_links":{"self":[{"href":"https:\/\/archive.sana.sy\/es\/index.php?rest_route=\/wp\/v2\/posts\/35443"}],"collection":[{"href":"https:\/\/archive.sana.sy\/es\/index.php?rest_route=\/wp\/v2\/posts"}],"about":[{"href":"https:\/\/archive.sana.sy\/es\/index.php?rest_route=\/wp\/v2\/types\/post"}],"author":[{"embeddable":true,"href":"https:\/\/archive.sana.sy\/es\/index.php?rest_route=\/wp\/v2\/users\/1"}],"replies":[{"embeddable":true,"href":"https:\/\/archive.sana.sy\/es\/index.php?rest_route=%2Fwp%2Fv2%2Fcomments&post=35443"}],"version-history":[{"count":0,"href":"https:\/\/archive.sana.sy\/es\/index.php?rest_route=\/wp\/v2\/posts\/35443\/revisions"}],"wp:featuredmedia":[{"embeddable":true,"href":"https:\/\/archive.sana.sy\/es\/index.php?rest_route=\/wp\/v2\/media\/35444"}],"wp:attachment":[{"href":"https:\/\/archive.sana.sy\/es\/index.php?rest_route=%2Fwp%2Fv2%2Fmedia&parent=35443"}],"wp:term":[{"taxonomy":"category","embeddable":true,"href":"https:\/\/archive.sana.sy\/es\/index.php?rest_route=%2Fwp%2Fv2%2Fcategories&post=35443"},{"taxonomy":"post_tag","embeddable":true,"href":"https:\/\/archive.sana.sy\/es\/index.php?rest_route=%2Fwp%2Fv2%2Ftags&post=35443"}],"curies":[{"name":"wp","href":"https:\/\/api.w.org\/{rel}","templated":true}]}}