{"id":35446,"date":"2015-12-22T13:32:35","date_gmt":"2015-12-22T11:32:35","guid":{"rendered":"http:\/\/sana.sy\/es\/?p=35446"},"modified":"2015-12-22T16:18:40","modified_gmt":"2015-12-22T14:18:40","slug":"conversaciones-sobre-siria-se-celebraran-en-ginebra-a-principios-del-proximo-ano","status":"publish","type":"post","link":"https:\/\/archive.sana.sy\/es\/?p=35446","title":{"rendered":"Conversaciones sobre Siria se celebrar\u00e1n en Ginebra a principios del pr\u00f3ximo a\u00f1o"},"content":{"rendered":"<p><span style=\"color: #800000\">Ginebra, SANA<\/span><\/p>\n<p>El portavoz de la ONU, Real Leblanc, anunci\u00f3 que las pr\u00f3ximas conversaciones sobre Siria se celebrar\u00e1n en Ginebra a principios del a\u00f1o pr\u00f3ximo, bajo los auspicios de las Naciones Unidas.<\/p>\n<p>Leblanc declar\u00f3 a la agencia AFP, que &#8220;las conversaciones se celebrar\u00e1n en Ginebra, pero no existe fecha exacta.&#8221;<\/p>\n<p>Cabe resaltar que el Consejo de Seguridad de la ONU aprob\u00f3 la Resoluci\u00f3n No. 2254 despu\u00e9s de un consenso ruso-estadounidense.<\/p>\n<p>La mencionada resoluci\u00f3n hace un llamamiento para la puesta en marcha de un proceso pol\u00edtico para resolver la crisis en Siria a trav\u00e9s de negociaciones entre delegaciones del gobierno sirio y la oposici\u00f3n a principios de enero 2016.<\/p>\n<p>Fady M.,Hala B.<\/p>\n","protected":false},"excerpt":{"rendered":"<p>Ginebra, SANA El portavoz de la ONU, Real Leblanc, anunci\u00f3 que las pr\u00f3ximas conversaciones sobre Siria se celebrar\u00e1n en Ginebra a principios del a\u00f1o pr\u00f3ximo, bajo los auspicios de las Naciones Unidas. Leblanc declar\u00f3 a la agencia AFP, que &#8220;las conversaciones se celebrar\u00e1n en Ginebra, pero no existe fecha exacta.&#8221; Cabe resaltar que el Consejo &hellip;<\/p>\n","protected":false},"author":1,"featured_media":35447,"comment_status":"closed","ping_status":"closed","sticky":false,"template":"","format":"standard","meta":{"footnotes":""},"categories":[597,576,467,583,7541],"tags":[7632],"class_list":["post-35446","post","type-post","status-publish","format-standard","has-post-thumbnail","","category-cinta-de-noticias","category-noticias-politicas","category-siria-y-el-mundo","category-slide","category-ultimas-noticias","tag-conversaciones-sobre-siria-se-celebraran-en-ginebra-a-principios-del-proximo-ano"],"_links":{"self":[{"href":"https:\/\/archive.sana.sy\/es\/index.php?rest_route=\/wp\/v2\/posts\/35446"}],"collection":[{"href":"https:\/\/archive.sana.sy\/es\/index.php?rest_route=\/wp\/v2\/posts"}],"about":[{"href":"https:\/\/archive.sana.sy\/es\/index.php?rest_route=\/wp\/v2\/types\/post"}],"author":[{"embeddable":true,"href":"https:\/\/archive.sana.sy\/es\/index.php?rest_route=\/wp\/v2\/users\/1"}],"replies":[{"embeddable":true,"href":"https:\/\/archive.sana.sy\/es\/index.php?rest_route=%2Fwp%2Fv2%2Fcomments&post=35446"}],"version-history":[{"count":0,"href":"https:\/\/archive.sana.sy\/es\/index.php?rest_route=\/wp\/v2\/posts\/35446\/revisions"}],"wp:featuredmedia":[{"embeddable":true,"href":"https:\/\/archive.sana.sy\/es\/index.php?rest_route=\/wp\/v2\/media\/35447"}],"wp:attachment":[{"href":"https:\/\/archive.sana.sy\/es\/index.php?rest_route=%2Fwp%2Fv2%2Fmedia&parent=35446"}],"wp:term":[{"taxonomy":"category","embeddable":true,"href":"https:\/\/archive.sana.sy\/es\/index.php?rest_route=%2Fwp%2Fv2%2Fcategories&post=35446"},{"taxonomy":"post_tag","embeddable":true,"href":"https:\/\/archive.sana.sy\/es\/index.php?rest_route=%2Fwp%2Fv2%2Ftags&post=35446"}],"curies":[{"name":"wp","href":"https:\/\/api.w.org\/{rel}","templated":true}]}}