{"id":354495,"date":"2025-05-26T19:50:16","date_gmt":"2025-05-26T16:50:16","guid":{"rendered":"https:\/\/sana.sy\/es\/?p=354495"},"modified":"2025-05-26T21:26:23","modified_gmt":"2025-05-26T18:26:23","slug":"abu-qasra-130-facciones-se-unieron-al-ministerio-de-defensa","status":"publish","type":"post","link":"https:\/\/archive.sana.sy\/es\/?p=354495","title":{"rendered":"Abu Qasra: 130 facciones se unieron al Ministerio de Defensa"},"content":{"rendered":"<p style=\"text-align: justify;\"><span style=\"color: #800000;\"><strong>Damasco, 26 may (SANA)<\/strong><\/span>\u00a0 El Ministro de Defensa, el mayor general Marhaf Abu Qasra, afirm\u00f3 en una entrevista especial con el Canal de Noticias Sirio &#8220;Ikhbariya&#8221;:<\/p>\n<p style=\"text-align: justify;\">&#x26a1;&#xfe0f; La imagen y la reputaci\u00f3n del antiguo ej\u00e9rcito sirio est\u00e1n manchadas por los cr\u00edmenes que cometi\u00f3 contra el pueblo sirio. Hoy buscamos reparar esta brecha entre el ej\u00e9rcito y el pueblo.<\/p>\n<p style=\"text-align: justify;\">&#x26a1;&#xfe0f; Nos reunimos con aproximadamente 130 facciones para discutir la nueva estructura del ej\u00e9rcito y logramos un gran \u00e9xito al integrarlas al Ministerio.<\/p>\n<p style=\"text-align: justify;\">&#x26a1;&#xfe0f; No permitiremos que nadie est\u00e9 fuera de la autoridad del Ministerio de Defensa.<\/p>\n<p style=\"text-align: justify;\">&#x26a1;&#xfe0f; Mantenemos instalaciones de formaci\u00f3n militar en condiciones \u00f3ptimas para albergar a los miembros de las Fuerzas Armadas.<\/p>\n<p style=\"text-align: justify;\">&#x26a1;&#xfe0f; Los oficiales desertores del depuesto r\u00e9gimen muestran disposici\u00f3n para reintegrarse, contribuir al fortalecimiento de las Fuerzas Armadas y servir a la patria; por ello, impulsamos iniciativas para facilitar su retorno.<\/p>\n<p style=\"text-align: justify;\">&#x26a1;&#xfe0f; Fortaleceremos un Ej\u00e9rcito basado en una doctrina militar nacional, comprometido con la protecci\u00f3n del pueblo sirio.<\/p>\n<p style=\"text-align: justify;\">&#x26a1;&#xfe0f; Trabajamos para formar un Ej\u00e9rcito profesional, integrado por voluntarios altamente capacitados.<\/p>\n<p style=\"text-align: justify;\">\n","protected":false},"excerpt":{"rendered":"<p>Damasco, 26 may (SANA)\u00a0 El Ministro de Defensa, el mayor general Marhaf Abu Qasra, afirm\u00f3 en una entrevista especial con el Canal de Noticias Sirio &#8220;Ikhbariya&#8221;: &#x26a1;&#xfe0f; La imagen y la reputaci\u00f3n del antiguo ej\u00e9rcito sirio est\u00e1n manchadas por los cr\u00edmenes que cometi\u00f3 contra el pueblo sirio. Hoy buscamos reparar esta brecha entre el ej\u00e9rcito &hellip;<\/p>\n","protected":false},"author":31,"featured_media":354496,"comment_status":"closed","ping_status":"closed","sticky":false,"template":"","format":"standard","meta":{"footnotes":""},"categories":[597,583],"tags":[],"class_list":["post-354495","post","type-post","status-publish","format-standard","has-post-thumbnail","","category-cinta-de-noticias","category-slide"],"_links":{"self":[{"href":"https:\/\/archive.sana.sy\/es\/index.php?rest_route=\/wp\/v2\/posts\/354495"}],"collection":[{"href":"https:\/\/archive.sana.sy\/es\/index.php?rest_route=\/wp\/v2\/posts"}],"about":[{"href":"https:\/\/archive.sana.sy\/es\/index.php?rest_route=\/wp\/v2\/types\/post"}],"author":[{"embeddable":true,"href":"https:\/\/archive.sana.sy\/es\/index.php?rest_route=\/wp\/v2\/users\/31"}],"replies":[{"embeddable":true,"href":"https:\/\/archive.sana.sy\/es\/index.php?rest_route=%2Fwp%2Fv2%2Fcomments&post=354495"}],"version-history":[{"count":3,"href":"https:\/\/archive.sana.sy\/es\/index.php?rest_route=\/wp\/v2\/posts\/354495\/revisions"}],"predecessor-version":[{"id":354499,"href":"https:\/\/archive.sana.sy\/es\/index.php?rest_route=\/wp\/v2\/posts\/354495\/revisions\/354499"}],"wp:featuredmedia":[{"embeddable":true,"href":"https:\/\/archive.sana.sy\/es\/index.php?rest_route=\/wp\/v2\/media\/354496"}],"wp:attachment":[{"href":"https:\/\/archive.sana.sy\/es\/index.php?rest_route=%2Fwp%2Fv2%2Fmedia&parent=354495"}],"wp:term":[{"taxonomy":"category","embeddable":true,"href":"https:\/\/archive.sana.sy\/es\/index.php?rest_route=%2Fwp%2Fv2%2Fcategories&post=354495"},{"taxonomy":"post_tag","embeddable":true,"href":"https:\/\/archive.sana.sy\/es\/index.php?rest_route=%2Fwp%2Fv2%2Ftags&post=354495"}],"curies":[{"name":"wp","href":"https:\/\/api.w.org\/{rel}","templated":true}]}}