{"id":354500,"date":"2025-05-26T19:33:23","date_gmt":"2025-05-26T16:33:23","guid":{"rendered":"https:\/\/sana.sy\/es\/?p=354500"},"modified":"2025-05-26T19:33:23","modified_gmt":"2025-05-26T16:33:23","slug":"siria-y-kuwait-abogan-por-fortalecer-cooperacion-bilateral-en-el-sector-energetico","status":"publish","type":"post","link":"https:\/\/archive.sana.sy\/es\/?p=354500","title":{"rendered":"Siria y Kuwait abogan por fortalecer cooperaci\u00f3n bilateral en el sector energ\u00e9tico"},"content":{"rendered":"<p style=\"text-align: justify;\"><span style=\"color: #800000;\"><strong>Damasco, 26 may (SANA)\u00a0<\/strong><\/span> El ministro de Energ\u00eda sirio, Mohammed Al-Basheer, se reuni\u00f3 con una delegaci\u00f3n de inversionistas kuwait\u00edes para analizar oportunidades de cooperaci\u00f3n en proyectos energ\u00e9ticos y de infraestructura.<\/p>\n<p style=\"text-align: justify;\">El encuentro se enmarca en los esfuerzos por consolidar las relaciones bilaterales entre ambos pa\u00edses, con especial \u00e9nfasis en los sectores de inversi\u00f3n y energ\u00eda.<\/p>\n<p style=\"text-align: justify;\">Ambas partes destacaron su inter\u00e9s en profundizar la asociaci\u00f3n econ\u00f3mica e incrementar las inversiones conjuntas, en l\u00ednea con sus objetivos de desarrollo sostenible.<\/p>\n<div id='gallery-1' class='gallery galleryid-354500 gallery-columns-1 gallery-size-full'><figure class='gallery-item'>\n\t\t\t<div class='gallery-icon landscape'>\n\t\t\t\t<a href='https:\/\/archive.sana.sy\/es\/wp-content\/uploads\/2025\/05\/photo_2025-05-26_17-27-49-2.jpg'><img loading=\"lazy\" decoding=\"async\" width=\"660\" height=\"440\" src=\"https:\/\/archive.sana.sy\/es\/wp-content\/uploads\/2025\/05\/photo_2025-05-26_17-27-49-2.jpg\" class=\"attachment-full size-full\" alt=\"\" srcset=\"https:\/\/archive.sana.sy\/es\/wp-content\/uploads\/2025\/05\/photo_2025-05-26_17-27-49-2.jpg 660w, https:\/\/archive.sana.sy\/es\/wp-content\/uploads\/2025\/05\/photo_2025-05-26_17-27-49-2-300x200.jpg 300w, https:\/\/archive.sana.sy\/es\/wp-content\/uploads\/2025\/05\/photo_2025-05-26_17-27-49-2-150x100.jpg 150w\" sizes=\"(max-width: 660px) 100vw, 660px\" \/><\/a>\n\t\t\t<\/div><\/figure>\n\t\t<\/div>\n\n","protected":false},"excerpt":{"rendered":"<p>Damasco, 26 may (SANA)\u00a0 El ministro de Energ\u00eda sirio, Mohammed Al-Basheer, se reuni\u00f3 con una delegaci\u00f3n de inversionistas kuwait\u00edes para analizar oportunidades de cooperaci\u00f3n en proyectos energ\u00e9ticos y de infraestructura. El encuentro se enmarca en los esfuerzos por consolidar las relaciones bilaterales entre ambos pa\u00edses, con especial \u00e9nfasis en los sectores de inversi\u00f3n y energ\u00eda. &hellip;<\/p>\n","protected":false},"author":31,"featured_media":354502,"comment_status":"closed","ping_status":"closed","sticky":false,"template":"","format":"standard","meta":{"footnotes":""},"categories":[597,485,476,7541],"tags":[],"class_list":["post-354500","post","type-post","status-publish","format-standard","has-post-thumbnail","","category-cinta-de-noticias","category-informes-negocios-y-finanzas","category-locales","category-ultimas-noticias"],"_links":{"self":[{"href":"https:\/\/archive.sana.sy\/es\/index.php?rest_route=\/wp\/v2\/posts\/354500"}],"collection":[{"href":"https:\/\/archive.sana.sy\/es\/index.php?rest_route=\/wp\/v2\/posts"}],"about":[{"href":"https:\/\/archive.sana.sy\/es\/index.php?rest_route=\/wp\/v2\/types\/post"}],"author":[{"embeddable":true,"href":"https:\/\/archive.sana.sy\/es\/index.php?rest_route=\/wp\/v2\/users\/31"}],"replies":[{"embeddable":true,"href":"https:\/\/archive.sana.sy\/es\/index.php?rest_route=%2Fwp%2Fv2%2Fcomments&post=354500"}],"version-history":[{"count":1,"href":"https:\/\/archive.sana.sy\/es\/index.php?rest_route=\/wp\/v2\/posts\/354500\/revisions"}],"predecessor-version":[{"id":354503,"href":"https:\/\/archive.sana.sy\/es\/index.php?rest_route=\/wp\/v2\/posts\/354500\/revisions\/354503"}],"wp:featuredmedia":[{"embeddable":true,"href":"https:\/\/archive.sana.sy\/es\/index.php?rest_route=\/wp\/v2\/media\/354502"}],"wp:attachment":[{"href":"https:\/\/archive.sana.sy\/es\/index.php?rest_route=%2Fwp%2Fv2%2Fmedia&parent=354500"}],"wp:term":[{"taxonomy":"category","embeddable":true,"href":"https:\/\/archive.sana.sy\/es\/index.php?rest_route=%2Fwp%2Fv2%2Fcategories&post=354500"},{"taxonomy":"post_tag","embeddable":true,"href":"https:\/\/archive.sana.sy\/es\/index.php?rest_route=%2Fwp%2Fv2%2Ftags&post=354500"}],"curies":[{"name":"wp","href":"https:\/\/api.w.org\/{rel}","templated":true}]}}