{"id":354504,"date":"2025-05-26T20:07:33","date_gmt":"2025-05-26T17:07:33","guid":{"rendered":"https:\/\/sana.sy\/es\/?p=354504"},"modified":"2025-05-26T20:07:33","modified_gmt":"2025-05-26T17:07:33","slug":"al-shara-recibe-al-jefe-del-comite-internacional-de-rescate","status":"publish","type":"post","link":"https:\/\/archive.sana.sy\/es\/?p=354504","title":{"rendered":"Al-Shara recibe al jefe del Comit\u00e9 Internacional de Rescate"},"content":{"rendered":"<p style=\"text-align: justify;\"><span style=\"color: #800000;\"><strong>Damasco, 26 may (SANA)\u00a0<\/strong><\/span> \u00a0El presidente de la Rep\u00fablica \u00c1rabe Siria, Ahmad al-Shara, recibi\u00f3 hoy al presidente del Comit\u00e9 Internacional de Rescate (IRC), David Miliband, junto a su delegaci\u00f3n acompa\u00f1ante.<\/p>\n<p style=\"text-align: justify;\">El encuentro, celebrado en el Palacio del Pueblo en Damasco, sirvi\u00f3 para analizar los mecanismos de cooperaci\u00f3n destinados a optimizar la labor humanitaria del organismo internacional y ampliar el alcance de sus operaciones en territorio sirio.<\/p>\n<div id='gallery-1' class='gallery galleryid-354504 gallery-columns-1 gallery-size-full'><figure class='gallery-item'>\n\t\t\t<div class='gallery-icon landscape'>\n\t\t\t\t<a href='https:\/\/archive.sana.sy\/es\/wp-content\/uploads\/2025\/05\/photo_2025-05-26_19-48-19.jpg'><img loading=\"lazy\" decoding=\"async\" width=\"2560\" height=\"1707\" src=\"https:\/\/archive.sana.sy\/es\/wp-content\/uploads\/2025\/05\/photo_2025-05-26_19-48-19.jpg\" class=\"attachment-full size-full\" alt=\"\" srcset=\"https:\/\/archive.sana.sy\/es\/wp-content\/uploads\/2025\/05\/photo_2025-05-26_19-48-19.jpg 2560w, https:\/\/archive.sana.sy\/es\/wp-content\/uploads\/2025\/05\/photo_2025-05-26_19-48-19-300x200.jpg 300w, https:\/\/archive.sana.sy\/es\/wp-content\/uploads\/2025\/05\/photo_2025-05-26_19-48-19-1024x683.jpg 1024w, https:\/\/archive.sana.sy\/es\/wp-content\/uploads\/2025\/05\/photo_2025-05-26_19-48-19-150x100.jpg 150w, https:\/\/archive.sana.sy\/es\/wp-content\/uploads\/2025\/05\/photo_2025-05-26_19-48-19-768x512.jpg 768w, https:\/\/archive.sana.sy\/es\/wp-content\/uploads\/2025\/05\/photo_2025-05-26_19-48-19-1536x1024.jpg 1536w, https:\/\/archive.sana.sy\/es\/wp-content\/uploads\/2025\/05\/photo_2025-05-26_19-48-19-2048x1366.jpg 2048w\" sizes=\"(max-width: 2560px) 100vw, 2560px\" \/><\/a>\n\t\t\t<\/div><\/figure>\n\t\t<\/div>\n\n","protected":false},"excerpt":{"rendered":"<p>Damasco, 26 may (SANA)\u00a0 \u00a0El presidente de la Rep\u00fablica \u00c1rabe Siria, Ahmad al-Shara, recibi\u00f3 hoy al presidente del Comit\u00e9 Internacional de Rescate (IRC), David Miliband, junto a su delegaci\u00f3n acompa\u00f1ante. El encuentro, celebrado en el Palacio del Pueblo en Damasco, sirvi\u00f3 para analizar los mecanismos de cooperaci\u00f3n destinados a optimizar la labor humanitaria del organismo &hellip;<\/p>\n","protected":false},"author":31,"featured_media":354505,"comment_status":"closed","ping_status":"closed","sticky":false,"template":"","format":"standard","meta":{"footnotes":""},"categories":[597,476,583],"tags":[],"class_list":["post-354504","post","type-post","status-publish","format-standard","has-post-thumbnail","","category-cinta-de-noticias","category-locales","category-slide"],"_links":{"self":[{"href":"https:\/\/archive.sana.sy\/es\/index.php?rest_route=\/wp\/v2\/posts\/354504"}],"collection":[{"href":"https:\/\/archive.sana.sy\/es\/index.php?rest_route=\/wp\/v2\/posts"}],"about":[{"href":"https:\/\/archive.sana.sy\/es\/index.php?rest_route=\/wp\/v2\/types\/post"}],"author":[{"embeddable":true,"href":"https:\/\/archive.sana.sy\/es\/index.php?rest_route=\/wp\/v2\/users\/31"}],"replies":[{"embeddable":true,"href":"https:\/\/archive.sana.sy\/es\/index.php?rest_route=%2Fwp%2Fv2%2Fcomments&post=354504"}],"version-history":[{"count":1,"href":"https:\/\/archive.sana.sy\/es\/index.php?rest_route=\/wp\/v2\/posts\/354504\/revisions"}],"predecessor-version":[{"id":354507,"href":"https:\/\/archive.sana.sy\/es\/index.php?rest_route=\/wp\/v2\/posts\/354504\/revisions\/354507"}],"wp:featuredmedia":[{"embeddable":true,"href":"https:\/\/archive.sana.sy\/es\/index.php?rest_route=\/wp\/v2\/media\/354505"}],"wp:attachment":[{"href":"https:\/\/archive.sana.sy\/es\/index.php?rest_route=%2Fwp%2Fv2%2Fmedia&parent=354504"}],"wp:term":[{"taxonomy":"category","embeddable":true,"href":"https:\/\/archive.sana.sy\/es\/index.php?rest_route=%2Fwp%2Fv2%2Fcategories&post=354504"},{"taxonomy":"post_tag","embeddable":true,"href":"https:\/\/archive.sana.sy\/es\/index.php?rest_route=%2Fwp%2Fv2%2Ftags&post=354504"}],"curies":[{"name":"wp","href":"https:\/\/api.w.org\/{rel}","templated":true}]}}