{"id":354529,"date":"2025-05-27T09:12:09","date_gmt":"2025-05-27T06:12:09","guid":{"rendered":"https:\/\/sana.sy\/es\/?p=354529"},"modified":"2025-05-27T09:12:15","modified_gmt":"2025-05-27T06:12:15","slug":"pancartas-revolucionarias-de-kafranbel-exhibidas-en-la-estacion-de-hijaz-en-el-centro-de-damasco","status":"publish","type":"post","link":"https:\/\/archive.sana.sy\/es\/?p=354529","title":{"rendered":"Pancartas revolucionarias de Kafranbel exhibidas en la estaci\u00f3n de Hijaz, en el centro de Damasco"},"content":{"rendered":"<p style=\"text-align: justify;\"><span style=\"color: #800000;\"><strong>Damasco, 27 may (SANA) <\/strong><\/span>Se inaugur\u00f3 en la estaci\u00f3n de Hiyaz, en el centro de Damasco, la exposici\u00f3n \u201cPinturas Revolucionarias de Kafranbel\u201d.<\/p>\n<p style=\"text-align: justify;\">La muestra incluy\u00f3 dibujos y pancartas levantadas por los rebeldes libres durante 15 a\u00f1os en la ciudad de Kafranbel, en la zona rural del sur de Idlib.<\/p>\n<p style=\"text-align: justify;\">La exposici\u00f3n, que estar\u00e1 abierta hasta el 3 de junio, ofreci\u00f3 a los asistentes una visi\u00f3n de las protestas que estallaron a lo largo de la Revoluci\u00f3n contra el r\u00e9gimen criminal.<\/p>\n<p style=\"text-align: justify;\">Los carteles hablaban de las circunstancias en que fueron escritos y de c\u00f3mo fueron levantados bajo balas y bombardeos, desafiando los ataques a\u00e9reos.<\/p>\n<p style=\"text-align: justify;\">En declaraciones a SANA, la coordinadora de la exposici\u00f3n, Zeina Shahla, explic\u00f3 que mostr\u00f3 una colecci\u00f3n de pancartas originales que los habitantes hab\u00edan colocado casi semanalmente durante 15 a\u00f1os.<\/p>\n<div id='gallery-1' class='gallery galleryid-354529 gallery-columns-1 gallery-size-full'><figure class='gallery-item'>\n\t\t\t<div class='gallery-icon landscape'>\n\t\t\t\t<a href='https:\/\/archive.sana.sy\/es\/wp-content\/uploads\/2025\/05\/photo_2025-05-27_07-16-31-4.jpg'><img loading=\"lazy\" decoding=\"async\" width=\"1280\" height=\"843\" src=\"https:\/\/archive.sana.sy\/es\/wp-content\/uploads\/2025\/05\/photo_2025-05-27_07-16-31-4.jpg\" class=\"attachment-full size-full\" alt=\"\" srcset=\"https:\/\/archive.sana.sy\/es\/wp-content\/uploads\/2025\/05\/photo_2025-05-27_07-16-31-4.jpg 1280w, https:\/\/archive.sana.sy\/es\/wp-content\/uploads\/2025\/05\/photo_2025-05-27_07-16-31-4-300x198.jpg 300w, https:\/\/archive.sana.sy\/es\/wp-content\/uploads\/2025\/05\/photo_2025-05-27_07-16-31-4-1024x674.jpg 1024w, https:\/\/archive.sana.sy\/es\/wp-content\/uploads\/2025\/05\/photo_2025-05-27_07-16-31-4-150x99.jpg 150w, https:\/\/archive.sana.sy\/es\/wp-content\/uploads\/2025\/05\/photo_2025-05-27_07-16-31-4-768x506.jpg 768w, https:\/\/archive.sana.sy\/es\/wp-content\/uploads\/2025\/05\/photo_2025-05-27_07-16-31-4-310x205.jpg 310w\" sizes=\"(max-width: 1280px) 100vw, 1280px\" \/><\/a>\n\t\t\t<\/div><\/figure><figure class='gallery-item'>\n\t\t\t<div class='gallery-icon landscape'>\n\t\t\t\t<a href='https:\/\/archive.sana.sy\/es\/wp-content\/uploads\/2025\/05\/photo_2025-05-27_07-16-31-3.jpg'><img loading=\"lazy\" decoding=\"async\" width=\"1280\" height=\"808\" src=\"https:\/\/archive.sana.sy\/es\/wp-content\/uploads\/2025\/05\/photo_2025-05-27_07-16-31-3.jpg\" class=\"attachment-full size-full\" alt=\"\" srcset=\"https:\/\/archive.sana.sy\/es\/wp-content\/uploads\/2025\/05\/photo_2025-05-27_07-16-31-3.jpg 1280w, https:\/\/archive.sana.sy\/es\/wp-content\/uploads\/2025\/05\/photo_2025-05-27_07-16-31-3-300x189.jpg 300w, https:\/\/archive.sana.sy\/es\/wp-content\/uploads\/2025\/05\/photo_2025-05-27_07-16-31-3-1024x646.jpg 1024w, https:\/\/archive.sana.sy\/es\/wp-content\/uploads\/2025\/05\/photo_2025-05-27_07-16-31-3-150x95.jpg 150w, https:\/\/archive.sana.sy\/es\/wp-content\/uploads\/2025\/05\/photo_2025-05-27_07-16-31-3-768x485.jpg 768w\" sizes=\"(max-width: 1280px) 100vw, 1280px\" \/><\/a>\n\t\t\t<\/div><\/figure><figure class='gallery-item'>\n\t\t\t<div class='gallery-icon landscape'>\n\t\t\t\t<a href='https:\/\/archive.sana.sy\/es\/wp-content\/uploads\/2025\/05\/photo_2025-05-27_07-16-31-2.jpg'><img loading=\"lazy\" decoding=\"async\" width=\"1280\" height=\"823\" src=\"https:\/\/archive.sana.sy\/es\/wp-content\/uploads\/2025\/05\/photo_2025-05-27_07-16-31-2.jpg\" class=\"attachment-full size-full\" alt=\"\" srcset=\"https:\/\/archive.sana.sy\/es\/wp-content\/uploads\/2025\/05\/photo_2025-05-27_07-16-31-2.jpg 1280w, https:\/\/archive.sana.sy\/es\/wp-content\/uploads\/2025\/05\/photo_2025-05-27_07-16-31-2-300x193.jpg 300w, https:\/\/archive.sana.sy\/es\/wp-content\/uploads\/2025\/05\/photo_2025-05-27_07-16-31-2-1024x658.jpg 1024w, https:\/\/archive.sana.sy\/es\/wp-content\/uploads\/2025\/05\/photo_2025-05-27_07-16-31-2-150x96.jpg 150w, https:\/\/archive.sana.sy\/es\/wp-content\/uploads\/2025\/05\/photo_2025-05-27_07-16-31-2-768x494.jpg 768w\" sizes=\"(max-width: 1280px) 100vw, 1280px\" \/><\/a>\n\t\t\t<\/div><\/figure>\n\t\t<\/div>\n\n","protected":false},"excerpt":{"rendered":"<p>Damasco, 27 may (SANA) Se inaugur\u00f3 en la estaci\u00f3n de Hiyaz, en el centro de Damasco, la exposici\u00f3n \u201cPinturas Revolucionarias de Kafranbel\u201d. La muestra incluy\u00f3 dibujos y pancartas levantadas por los rebeldes libres durante 15 a\u00f1os en la ciudad de Kafranbel, en la zona rural del sur de Idlib. La exposici\u00f3n, que estar\u00e1 abierta hasta &hellip;<\/p>\n","protected":false},"author":42,"featured_media":354530,"comment_status":"closed","ping_status":"closed","sticky":false,"template":"","format":"standard","meta":{"footnotes":""},"categories":[477,597,20724,7541],"tags":[],"class_list":["post-354529","post","type-post","status-publish","format-standard","has-post-thumbnail","","category-noticias-edulcorantes","category-cinta-de-noticias","category-minuto-a-minuto","category-ultimas-noticias"],"_links":{"self":[{"href":"https:\/\/archive.sana.sy\/es\/index.php?rest_route=\/wp\/v2\/posts\/354529"}],"collection":[{"href":"https:\/\/archive.sana.sy\/es\/index.php?rest_route=\/wp\/v2\/posts"}],"about":[{"href":"https:\/\/archive.sana.sy\/es\/index.php?rest_route=\/wp\/v2\/types\/post"}],"author":[{"embeddable":true,"href":"https:\/\/archive.sana.sy\/es\/index.php?rest_route=\/wp\/v2\/users\/42"}],"replies":[{"embeddable":true,"href":"https:\/\/archive.sana.sy\/es\/index.php?rest_route=%2Fwp%2Fv2%2Fcomments&post=354529"}],"version-history":[{"count":1,"href":"https:\/\/archive.sana.sy\/es\/index.php?rest_route=\/wp\/v2\/posts\/354529\/revisions"}],"predecessor-version":[{"id":354534,"href":"https:\/\/archive.sana.sy\/es\/index.php?rest_route=\/wp\/v2\/posts\/354529\/revisions\/354534"}],"wp:featuredmedia":[{"embeddable":true,"href":"https:\/\/archive.sana.sy\/es\/index.php?rest_route=\/wp\/v2\/media\/354530"}],"wp:attachment":[{"href":"https:\/\/archive.sana.sy\/es\/index.php?rest_route=%2Fwp%2Fv2%2Fmedia&parent=354529"}],"wp:term":[{"taxonomy":"category","embeddable":true,"href":"https:\/\/archive.sana.sy\/es\/index.php?rest_route=%2Fwp%2Fv2%2Fcategories&post=354529"},{"taxonomy":"post_tag","embeddable":true,"href":"https:\/\/archive.sana.sy\/es\/index.php?rest_route=%2Fwp%2Fv2%2Ftags&post=354529"}],"curies":[{"name":"wp","href":"https:\/\/api.w.org\/{rel}","templated":true}]}}