{"id":354535,"date":"2025-05-27T09:55:52","date_gmt":"2025-05-27T06:55:52","guid":{"rendered":"https:\/\/sana.sy\/es\/?p=354535"},"modified":"2025-05-27T09:55:52","modified_gmt":"2025-05-27T06:55:52","slug":"ministerio-de-agricultura-y-giz-debaten-desarrollo-del-sector-agricola-en-siria","status":"publish","type":"post","link":"https:\/\/archive.sana.sy\/es\/?p=354535","title":{"rendered":"Ministerio de Agricultura y GIZ debaten desarrollo del sector agr\u00edcola en Siria"},"content":{"rendered":"<p style=\"text-align: justify;\"><span style=\"color: #800000;\">Damasco,27 may (SANA)\u00a0<\/span>El ministro de Agricultura, Amjad Badr, se reuni\u00f3 con una delegaci\u00f3n de la Agencia Alemana para la Cooperaci\u00f3n Internacional (GIZ), para examinar formas de desarrollar el sector agr\u00edcola de Siria y responder a sus necesidades.<\/p>\n<p style=\"text-align: justify;\">Durante la reuni\u00f3n celebrada en la sede del Ministerio, el titular sirio explic\u00f3 los diversos desaf\u00edos que enfrenta el sector agr\u00edcola, incluida la escasez de forrajes, el aumento de los precios y la necesidad de encontrar alternativas debido a la sequ\u00eda y los da\u00f1os a los cultivos de secano.<\/p>\n<p style=\"text-align: justify;\">Tambi\u00e9n destac\u00f3 la importancia de centrarse en ampliar la adopci\u00f3n de sistemas de riego modernos y asegurar los insumos para la producci\u00f3n agr\u00edcola.<\/p>\n<p style=\"text-align: justify;\">Por su parte, la delegaci\u00f3n de la GIZ afirm\u00f3 la disposici\u00f3n de su agencia para apoyar la producci\u00f3n de semillas, de acuerdo con los est\u00e1ndares internacionales, as\u00ed como la gesti\u00f3n de los recursos h\u00eddricos y el apoyo a los agricultores.<\/p>\n","protected":false},"excerpt":{"rendered":"<p>Damasco,27 may (SANA)\u00a0El ministro de Agricultura, Amjad Badr, se reuni\u00f3 con una delegaci\u00f3n de la Agencia Alemana para la Cooperaci\u00f3n Internacional (GIZ), para examinar formas de desarrollar el sector agr\u00edcola de Siria y responder a sus necesidades. Durante la reuni\u00f3n celebrada en la sede del Ministerio, el titular sirio explic\u00f3 los diversos desaf\u00edos que enfrenta &hellip;<\/p>\n","protected":false},"author":32,"featured_media":354536,"comment_status":"closed","ping_status":"closed","sticky":false,"template":"","format":"standard","meta":{"footnotes":""},"categories":[477,597,20724,476,7541],"tags":[],"class_list":["post-354535","post","type-post","status-publish","format-standard","has-post-thumbnail","","category-noticias-edulcorantes","category-cinta-de-noticias","category-minuto-a-minuto","category-locales","category-ultimas-noticias"],"_links":{"self":[{"href":"https:\/\/archive.sana.sy\/es\/index.php?rest_route=\/wp\/v2\/posts\/354535"}],"collection":[{"href":"https:\/\/archive.sana.sy\/es\/index.php?rest_route=\/wp\/v2\/posts"}],"about":[{"href":"https:\/\/archive.sana.sy\/es\/index.php?rest_route=\/wp\/v2\/types\/post"}],"author":[{"embeddable":true,"href":"https:\/\/archive.sana.sy\/es\/index.php?rest_route=\/wp\/v2\/users\/32"}],"replies":[{"embeddable":true,"href":"https:\/\/archive.sana.sy\/es\/index.php?rest_route=%2Fwp%2Fv2%2Fcomments&post=354535"}],"version-history":[{"count":1,"href":"https:\/\/archive.sana.sy\/es\/index.php?rest_route=\/wp\/v2\/posts\/354535\/revisions"}],"predecessor-version":[{"id":354537,"href":"https:\/\/archive.sana.sy\/es\/index.php?rest_route=\/wp\/v2\/posts\/354535\/revisions\/354537"}],"wp:featuredmedia":[{"embeddable":true,"href":"https:\/\/archive.sana.sy\/es\/index.php?rest_route=\/wp\/v2\/media\/354536"}],"wp:attachment":[{"href":"https:\/\/archive.sana.sy\/es\/index.php?rest_route=%2Fwp%2Fv2%2Fmedia&parent=354535"}],"wp:term":[{"taxonomy":"category","embeddable":true,"href":"https:\/\/archive.sana.sy\/es\/index.php?rest_route=%2Fwp%2Fv2%2Fcategories&post=354535"},{"taxonomy":"post_tag","embeddable":true,"href":"https:\/\/archive.sana.sy\/es\/index.php?rest_route=%2Fwp%2Fv2%2Ftags&post=354535"}],"curies":[{"name":"wp","href":"https:\/\/api.w.org\/{rel}","templated":true}]}}