{"id":354541,"date":"2025-05-27T11:30:28","date_gmt":"2025-05-27T08:30:28","guid":{"rendered":"https:\/\/sana.sy\/es\/?p=354541"},"modified":"2025-05-27T11:30:40","modified_gmt":"2025-05-27T08:30:40","slug":"ministerio-de-educacion-lanza-plan-de-respuesta-rapida-para-el-futuro-del-sector-educativo-en-siria","status":"publish","type":"post","link":"https:\/\/archive.sana.sy\/es\/?p=354541","title":{"rendered":"Ministerio de Educaci\u00f3n lanza plan de respuesta r\u00e1pida para el futuro del sector educativo en Siria"},"content":{"rendered":"<p style=\"text-align: justify;\"><span style=\"color: #800000;\"><strong>Damasco, 27 may (SANA) <\/strong><\/span>El Ministerio de Educaci\u00f3n adopt\u00f3 un plan de respuesta r\u00e1pida y una ruta estrat\u00e9gica para el futuro de la educaci\u00f3n en Siria.<\/p>\n<p style=\"text-align: justify;\">El plan se centra en varios ejes como los estudiantes, los docentes, los curr\u00edculos, la infraestructura, la formaci\u00f3n profesional, la transformaci\u00f3n digital, la estructura administrativa, la educaci\u00f3n privada y virtual, y el Consejo Superior de Educaci\u00f3n.<\/p>\n<p style=\"text-align: justify;\">El ministro del ramo Mohammed Abdul Rahman Turko, aclar\u00f3 que el plan representa la gu\u00eda para la labor del Ministerio y que el Consejo Supremo de Educaci\u00f3n es el organismo responsable de formular pol\u00edticas educativas.<\/p>\n<p style=\"text-align: justify;\">Turko afirm\u00f3 que garantiza el acceso continuo a la educaci\u00f3n, el apoyo psicosocial, la protecci\u00f3n infantil, la reducci\u00f3n de la p\u00e9rdida de aprendizaje, la prestaci\u00f3n de apoyo financiero y moral a los docentes, la capacitaci\u00f3n y rehabilitaci\u00f3n de emergencia y la garant\u00eda de su protecci\u00f3n y estatus laboral.<\/p>\n<p>&nbsp;<\/p>\n","protected":false},"excerpt":{"rendered":"<p>Damasco, 27 may (SANA) El Ministerio de Educaci\u00f3n adopt\u00f3 un plan de respuesta r\u00e1pida y una ruta estrat\u00e9gica para el futuro de la educaci\u00f3n en Siria. El plan se centra en varios ejes como los estudiantes, los docentes, los curr\u00edculos, la infraestructura, la formaci\u00f3n profesional, la transformaci\u00f3n digital, la estructura administrativa, la educaci\u00f3n privada y &hellip;<\/p>\n","protected":false},"author":42,"featured_media":354542,"comment_status":"closed","ping_status":"closed","sticky":false,"template":"","format":"standard","meta":{"footnotes":""},"categories":[597,20724,476,7541],"tags":[],"class_list":["post-354541","post","type-post","status-publish","format-standard","has-post-thumbnail","","category-cinta-de-noticias","category-minuto-a-minuto","category-locales","category-ultimas-noticias"],"_links":{"self":[{"href":"https:\/\/archive.sana.sy\/es\/index.php?rest_route=\/wp\/v2\/posts\/354541"}],"collection":[{"href":"https:\/\/archive.sana.sy\/es\/index.php?rest_route=\/wp\/v2\/posts"}],"about":[{"href":"https:\/\/archive.sana.sy\/es\/index.php?rest_route=\/wp\/v2\/types\/post"}],"author":[{"embeddable":true,"href":"https:\/\/archive.sana.sy\/es\/index.php?rest_route=\/wp\/v2\/users\/42"}],"replies":[{"embeddable":true,"href":"https:\/\/archive.sana.sy\/es\/index.php?rest_route=%2Fwp%2Fv2%2Fcomments&post=354541"}],"version-history":[{"count":1,"href":"https:\/\/archive.sana.sy\/es\/index.php?rest_route=\/wp\/v2\/posts\/354541\/revisions"}],"predecessor-version":[{"id":354543,"href":"https:\/\/archive.sana.sy\/es\/index.php?rest_route=\/wp\/v2\/posts\/354541\/revisions\/354543"}],"wp:featuredmedia":[{"embeddable":true,"href":"https:\/\/archive.sana.sy\/es\/index.php?rest_route=\/wp\/v2\/media\/354542"}],"wp:attachment":[{"href":"https:\/\/archive.sana.sy\/es\/index.php?rest_route=%2Fwp%2Fv2%2Fmedia&parent=354541"}],"wp:term":[{"taxonomy":"category","embeddable":true,"href":"https:\/\/archive.sana.sy\/es\/index.php?rest_route=%2Fwp%2Fv2%2Fcategories&post=354541"},{"taxonomy":"post_tag","embeddable":true,"href":"https:\/\/archive.sana.sy\/es\/index.php?rest_route=%2Fwp%2Fv2%2Ftags&post=354541"}],"curies":[{"name":"wp","href":"https:\/\/api.w.org\/{rel}","templated":true}]}}