{"id":354573,"date":"2025-05-27T17:33:30","date_gmt":"2025-05-27T14:33:30","guid":{"rendered":"https:\/\/sana.sy\/es\/?p=354573"},"modified":"2025-05-27T17:33:30","modified_gmt":"2025-05-27T14:33:30","slug":"conversaciones-sirio-saudies-para-fortalecer-la-cooperacion-en-el-sector-turistico","status":"publish","type":"post","link":"https:\/\/archive.sana.sy\/es\/?p=354573","title":{"rendered":"Conversaciones sirio-saud\u00edes para fortalecer la cooperaci\u00f3n en el sector tur\u00edstico"},"content":{"rendered":"<p style=\"text-align: justify\"><span style=\"color: #800000\"><strong>Damasco, 27 may (SANA)<\/strong><\/span> \u00a0El ministro de Turismo, Mazen Al-Salhani, se reuni\u00f3 hoy con el embajador de Arabia Saudita en Damasco, Dr. Faisal Al-Mayfal, para examinar v\u00edas de fortalecimiento de la cooperaci\u00f3n bilateral en el \u00e1mbito tur\u00edstico.<\/p>\n<p style=\"text-align: justify\">Durante el encuentro, celebrado en la sede del Ministerio, ambas partes analizaron la posibilidad de aprovechar la experiencia saud\u00ed en las tramitaciones digitales y el sector tecnol\u00f3gico.<\/p>\n<p style=\"text-align: justify\">Asimismo exploraron las oportunidades de inversi\u00f3n en Siria, particularmente a la luz de los procedimientos finales para la emisi\u00f3n de la nueva ley de inversi\u00f3n.<\/p>\n<p style=\"text-align: justify\">Por su parte, el embajador Al-Mayfal expres\u00f3 la disposici\u00f3n de los empresarios saud\u00edes para invertir en el establecimiento de instalaciones tur\u00edsticas y reiter\u00f3 el apoyo de su pa\u00eds al pueblo sirio en diversas \u00e1reas.<\/p>\n<p style=\"text-align: justify\">\n","protected":false},"excerpt":{"rendered":"<p>Damasco, 27 may (SANA) \u00a0El ministro de Turismo, Mazen Al-Salhani, se reuni\u00f3 hoy con el embajador de Arabia Saudita en Damasco, Dr. Faisal Al-Mayfal, para examinar v\u00edas de fortalecimiento de la cooperaci\u00f3n bilateral en el \u00e1mbito tur\u00edstico. Durante el encuentro, celebrado en la sede del Ministerio, ambas partes analizaron la posibilidad de aprovechar la experiencia &hellip;<\/p>\n","protected":false},"author":24,"featured_media":354574,"comment_status":"closed","ping_status":"closed","sticky":false,"template":"","format":"standard","meta":{"footnotes":""},"categories":[447,597,20724,476,448,7541],"tags":[],"class_list":["post-354573","post","type-post","status-publish","format-standard","has-post-thumbnail","","category-local-politica","category-cinta-de-noticias","category-minuto-a-minuto","category-locales","category-noticias","category-ultimas-noticias"],"_links":{"self":[{"href":"https:\/\/archive.sana.sy\/es\/index.php?rest_route=\/wp\/v2\/posts\/354573"}],"collection":[{"href":"https:\/\/archive.sana.sy\/es\/index.php?rest_route=\/wp\/v2\/posts"}],"about":[{"href":"https:\/\/archive.sana.sy\/es\/index.php?rest_route=\/wp\/v2\/types\/post"}],"author":[{"embeddable":true,"href":"https:\/\/archive.sana.sy\/es\/index.php?rest_route=\/wp\/v2\/users\/24"}],"replies":[{"embeddable":true,"href":"https:\/\/archive.sana.sy\/es\/index.php?rest_route=%2Fwp%2Fv2%2Fcomments&post=354573"}],"version-history":[{"count":1,"href":"https:\/\/archive.sana.sy\/es\/index.php?rest_route=\/wp\/v2\/posts\/354573\/revisions"}],"predecessor-version":[{"id":354575,"href":"https:\/\/archive.sana.sy\/es\/index.php?rest_route=\/wp\/v2\/posts\/354573\/revisions\/354575"}],"wp:featuredmedia":[{"embeddable":true,"href":"https:\/\/archive.sana.sy\/es\/index.php?rest_route=\/wp\/v2\/media\/354574"}],"wp:attachment":[{"href":"https:\/\/archive.sana.sy\/es\/index.php?rest_route=%2Fwp%2Fv2%2Fmedia&parent=354573"}],"wp:term":[{"taxonomy":"category","embeddable":true,"href":"https:\/\/archive.sana.sy\/es\/index.php?rest_route=%2Fwp%2Fv2%2Fcategories&post=354573"},{"taxonomy":"post_tag","embeddable":true,"href":"https:\/\/archive.sana.sy\/es\/index.php?rest_route=%2Fwp%2Fv2%2Ftags&post=354573"}],"curies":[{"name":"wp","href":"https:\/\/api.w.org\/{rel}","templated":true}]}}