{"id":354585,"date":"2025-05-27T18:13:39","date_gmt":"2025-05-27T15:13:39","guid":{"rendered":"https:\/\/sana.sy\/es\/?p=354585"},"modified":"2025-05-27T18:19:50","modified_gmt":"2025-05-27T15:19:50","slug":"siria-y-jordania-abordan-vias-de-blindar-la-cooperacion-en-materia-de-transporte-y-comercio","status":"publish","type":"post","link":"https:\/\/archive.sana.sy\/es\/?p=354585","title":{"rendered":"Siria y Jordania abordan v\u00edas de blindar la cooperaci\u00f3n en materia de transporte y comercio"},"content":{"rendered":"<p style=\"text-align: justify\"><span style=\"color: #800000\"><strong>Damasco, 27 may (SANA)<\/strong><\/span> El ministro de Transporte de Siria, Yarob Badr, recibi\u00f3 hoy a una delegaci\u00f3n jordana encabezada por el presidente de la C\u00e1mara de Comercio de Jordania, Khalil Haj Toufic, con el fin de debatir la cooperaci\u00f3n econ\u00f3mica y comercial entre Siria y Jordania.<\/p>\n<p style=\"text-align: justify\">Durante el encuentro, se abordaron temas como el desarrollo del sector de transporte y la mejora de la infraestructura para facilitar el movimiento de mercanc\u00edas y pasajeros en los cruces fronterizos. Asimismo el aumento de la eficiencia de estos pases y la revitalizaci\u00f3n del transporte terrestre y ferroviario entre ambos pa\u00edses.<\/p>\n<p style=\"text-align: justify\">Badr destac\u00f3 la importancia de eliminar obst\u00e1culos y fomentar el di\u00e1logo para lograr una integraci\u00f3n efectiva en este sector.<\/p>\n<p style=\"text-align: justify\">Por su parte, Haj Toufic valor\u00f3 los esfuerzos del gobierno sirio para fortalecer la cooperaci\u00f3n econ\u00f3mica, y reiter\u00f3 el inter\u00e9s del sector privado jordano en colaborar con sus hom\u00f3logos sirios y crear un entorno favorable para el comercio.<\/p>\n","protected":false},"excerpt":{"rendered":"<p>Damasco, 27 may (SANA) El ministro de Transporte de Siria, Yarob Badr, recibi\u00f3 hoy a una delegaci\u00f3n jordana encabezada por el presidente de la C\u00e1mara de Comercio de Jordania, Khalil Haj Toufic, con el fin de debatir la cooperaci\u00f3n econ\u00f3mica y comercial entre Siria y Jordania. Durante el encuentro, se abordaron temas como el desarrollo &hellip;<\/p>\n","protected":false},"author":24,"featured_media":354586,"comment_status":"closed","ping_status":"closed","sticky":false,"template":"","format":"standard","meta":{"footnotes":""},"categories":[447,597,20724,476,448,7541],"tags":[],"class_list":["post-354585","post","type-post","status-publish","format-standard","has-post-thumbnail","","category-local-politica","category-cinta-de-noticias","category-minuto-a-minuto","category-locales","category-noticias","category-ultimas-noticias"],"_links":{"self":[{"href":"https:\/\/archive.sana.sy\/es\/index.php?rest_route=\/wp\/v2\/posts\/354585"}],"collection":[{"href":"https:\/\/archive.sana.sy\/es\/index.php?rest_route=\/wp\/v2\/posts"}],"about":[{"href":"https:\/\/archive.sana.sy\/es\/index.php?rest_route=\/wp\/v2\/types\/post"}],"author":[{"embeddable":true,"href":"https:\/\/archive.sana.sy\/es\/index.php?rest_route=\/wp\/v2\/users\/24"}],"replies":[{"embeddable":true,"href":"https:\/\/archive.sana.sy\/es\/index.php?rest_route=%2Fwp%2Fv2%2Fcomments&post=354585"}],"version-history":[{"count":2,"href":"https:\/\/archive.sana.sy\/es\/index.php?rest_route=\/wp\/v2\/posts\/354585\/revisions"}],"predecessor-version":[{"id":354588,"href":"https:\/\/archive.sana.sy\/es\/index.php?rest_route=\/wp\/v2\/posts\/354585\/revisions\/354588"}],"wp:featuredmedia":[{"embeddable":true,"href":"https:\/\/archive.sana.sy\/es\/index.php?rest_route=\/wp\/v2\/media\/354586"}],"wp:attachment":[{"href":"https:\/\/archive.sana.sy\/es\/index.php?rest_route=%2Fwp%2Fv2%2Fmedia&parent=354585"}],"wp:term":[{"taxonomy":"category","embeddable":true,"href":"https:\/\/archive.sana.sy\/es\/index.php?rest_route=%2Fwp%2Fv2%2Fcategories&post=354585"},{"taxonomy":"post_tag","embeddable":true,"href":"https:\/\/archive.sana.sy\/es\/index.php?rest_route=%2Fwp%2Fv2%2Ftags&post=354585"}],"curies":[{"name":"wp","href":"https:\/\/api.w.org\/{rel}","templated":true}]}}