{"id":354608,"date":"2025-05-27T20:16:17","date_gmt":"2025-05-27T17:16:17","guid":{"rendered":"https:\/\/sana.sy\/es\/?p=354608"},"modified":"2025-05-27T20:16:17","modified_gmt":"2025-05-27T17:16:17","slug":"ministro-del-interior-examina-con-pedersen-el-desarrollo-de-la-situacion-humanitaria","status":"publish","type":"post","link":"https:\/\/archive.sana.sy\/es\/?p=354608","title":{"rendered":"Ministro del Interior examina con Pedersen el desarrollo de la situaci\u00f3n humanitaria"},"content":{"rendered":"<p style=\"text-align: justify\"><span style=\"color: #800000\"><strong>Damasco, 27 may (SANA)<\/strong><\/span> El Ministro del Interior, Anas Khattab, se reuni\u00f3 con una delegaci\u00f3n de las Naciones Unidas encabezada por el Enviado Especial del Secretario General para Siria, Geir Pedersen.<\/p>\n<p style=\"text-align: justify\">Mediante su canal de Telegram, el ministro Khattab inform\u00f3 que durante el encuentro, las dos partes analizaron los \u00faltimos avances en la situaci\u00f3n humanitaria en las \u00e1reas afectadas.<\/p>\n<p style=\"text-align: justify\">Asimismo abordaron las formas de mejorar la cooperaci\u00f3n entre el Ministerio del Interior y las agencias de la ONU, lo que contribuir\u00eda a apoyar la estabilidad y facilitar el regreso a la vida normal.<\/p>\n","protected":false},"excerpt":{"rendered":"<p>Damasco, 27 may (SANA) El Ministro del Interior, Anas Khattab, se reuni\u00f3 con una delegaci\u00f3n de las Naciones Unidas encabezada por el Enviado Especial del Secretario General para Siria, Geir Pedersen. Mediante su canal de Telegram, el ministro Khattab inform\u00f3 que durante el encuentro, las dos partes analizaron los \u00faltimos avances en la situaci\u00f3n humanitaria &hellip;<\/p>\n","protected":false},"author":24,"featured_media":354609,"comment_status":"closed","ping_status":"closed","sticky":false,"template":"","format":"standard","meta":{"footnotes":""},"categories":[597,20724,476,7541],"tags":[],"class_list":["post-354608","post","type-post","status-publish","format-standard","has-post-thumbnail","","category-cinta-de-noticias","category-minuto-a-minuto","category-locales","category-ultimas-noticias"],"_links":{"self":[{"href":"https:\/\/archive.sana.sy\/es\/index.php?rest_route=\/wp\/v2\/posts\/354608"}],"collection":[{"href":"https:\/\/archive.sana.sy\/es\/index.php?rest_route=\/wp\/v2\/posts"}],"about":[{"href":"https:\/\/archive.sana.sy\/es\/index.php?rest_route=\/wp\/v2\/types\/post"}],"author":[{"embeddable":true,"href":"https:\/\/archive.sana.sy\/es\/index.php?rest_route=\/wp\/v2\/users\/24"}],"replies":[{"embeddable":true,"href":"https:\/\/archive.sana.sy\/es\/index.php?rest_route=%2Fwp%2Fv2%2Fcomments&post=354608"}],"version-history":[{"count":1,"href":"https:\/\/archive.sana.sy\/es\/index.php?rest_route=\/wp\/v2\/posts\/354608\/revisions"}],"predecessor-version":[{"id":354610,"href":"https:\/\/archive.sana.sy\/es\/index.php?rest_route=\/wp\/v2\/posts\/354608\/revisions\/354610"}],"wp:featuredmedia":[{"embeddable":true,"href":"https:\/\/archive.sana.sy\/es\/index.php?rest_route=\/wp\/v2\/media\/354609"}],"wp:attachment":[{"href":"https:\/\/archive.sana.sy\/es\/index.php?rest_route=%2Fwp%2Fv2%2Fmedia&parent=354608"}],"wp:term":[{"taxonomy":"category","embeddable":true,"href":"https:\/\/archive.sana.sy\/es\/index.php?rest_route=%2Fwp%2Fv2%2Fcategories&post=354608"},{"taxonomy":"post_tag","embeddable":true,"href":"https:\/\/archive.sana.sy\/es\/index.php?rest_route=%2Fwp%2Fv2%2Ftags&post=354608"}],"curies":[{"name":"wp","href":"https:\/\/api.w.org\/{rel}","templated":true}]}}