{"id":354735,"date":"2025-05-28T18:55:31","date_gmt":"2025-05-28T15:55:31","guid":{"rendered":"https:\/\/sana.sy\/es\/?p=354735"},"modified":"2025-05-28T18:59:18","modified_gmt":"2025-05-28T15:59:18","slug":"ministro-de-obras-publicas-aborda-con-empresarios-de-jordania-formas-de-apoyar-la-reconstruccion-de-siria","status":"publish","type":"post","link":"https:\/\/archive.sana.sy\/es\/?p=354735","title":{"rendered":"Ministro de Obras P\u00fablicas aborda con empresarios jordanos formas de apoyar la reconstrucci\u00f3n de Siria"},"content":{"rendered":"<p style=\"text-align: justify\"><span style=\"color: #800000\"><strong>Damasco, 28 may (SANA)<\/strong> <\/span>El ministro de Obras P\u00fablicas y Vivienda, Mustafa Abdulrazaq, sostuvo una reuni\u00f3n con un grupo de empresarios y contratistas jordanos para evaluar la posible contribuci\u00f3n de Jordania en el proceso de reconstrucci\u00f3n de las zonas afectadas por la guerra.<\/p>\n<p style=\"text-align: justify\">Durante el encuentro, que tuvo lugar en la sede del Ministerio en Damasco, la delegaci\u00f3n jordana present\u00f3 su visi\u00f3n sobre las v\u00edas de acelerar la recuperaci\u00f3n y rehabilitaci\u00f3n de estas \u00e1reas, facilitando as\u00ed el regreso de sus habitantes.<\/p>\n<p style=\"text-align: justify\">Asimismo, destac\u00f3 la posibilidad de que su gobierno participe en proyectos de iluminaci\u00f3n vial mediante el uso de fuentes de energ\u00eda sostenible.<\/p>\n","protected":false},"excerpt":{"rendered":"<p>Damasco, 28 may (SANA) El ministro de Obras P\u00fablicas y Vivienda, Mustafa Abdulrazaq, sostuvo una reuni\u00f3n con un grupo de empresarios y contratistas jordanos para evaluar la posible contribuci\u00f3n de Jordania en el proceso de reconstrucci\u00f3n de las zonas afectadas por la guerra. Durante el encuentro, que tuvo lugar en la sede del Ministerio en &hellip;<\/p>\n","protected":false},"author":24,"featured_media":354736,"comment_status":"closed","ping_status":"closed","sticky":false,"template":"","format":"standard","meta":{"footnotes":""},"categories":[447,597,476,448,7541],"tags":[],"class_list":["post-354735","post","type-post","status-publish","format-standard","has-post-thumbnail","","category-local-politica","category-cinta-de-noticias","category-locales","category-noticias","category-ultimas-noticias"],"_links":{"self":[{"href":"https:\/\/archive.sana.sy\/es\/index.php?rest_route=\/wp\/v2\/posts\/354735"}],"collection":[{"href":"https:\/\/archive.sana.sy\/es\/index.php?rest_route=\/wp\/v2\/posts"}],"about":[{"href":"https:\/\/archive.sana.sy\/es\/index.php?rest_route=\/wp\/v2\/types\/post"}],"author":[{"embeddable":true,"href":"https:\/\/archive.sana.sy\/es\/index.php?rest_route=\/wp\/v2\/users\/24"}],"replies":[{"embeddable":true,"href":"https:\/\/archive.sana.sy\/es\/index.php?rest_route=%2Fwp%2Fv2%2Fcomments&post=354735"}],"version-history":[{"count":2,"href":"https:\/\/archive.sana.sy\/es\/index.php?rest_route=\/wp\/v2\/posts\/354735\/revisions"}],"predecessor-version":[{"id":354738,"href":"https:\/\/archive.sana.sy\/es\/index.php?rest_route=\/wp\/v2\/posts\/354735\/revisions\/354738"}],"wp:featuredmedia":[{"embeddable":true,"href":"https:\/\/archive.sana.sy\/es\/index.php?rest_route=\/wp\/v2\/media\/354736"}],"wp:attachment":[{"href":"https:\/\/archive.sana.sy\/es\/index.php?rest_route=%2Fwp%2Fv2%2Fmedia&parent=354735"}],"wp:term":[{"taxonomy":"category","embeddable":true,"href":"https:\/\/archive.sana.sy\/es\/index.php?rest_route=%2Fwp%2Fv2%2Fcategories&post=354735"},{"taxonomy":"post_tag","embeddable":true,"href":"https:\/\/archive.sana.sy\/es\/index.php?rest_route=%2Fwp%2Fv2%2Ftags&post=354735"}],"curies":[{"name":"wp","href":"https:\/\/api.w.org\/{rel}","templated":true}]}}