{"id":35482,"date":"2015-12-22T23:37:09","date_gmt":"2015-12-22T21:37:09","guid":{"rendered":"http:\/\/sana.sy\/es\/?p=35482"},"modified":"2015-12-23T16:44:39","modified_gmt":"2015-12-23T14:44:39","slug":"el-presidente-al-assad-conmemora-el-aniversario-del-natalicio-del-profeta-mahoma","status":"publish","type":"post","link":"https:\/\/archive.sana.sy\/es\/?p=35482","title":{"rendered":"El presidente Al-Assad conmemora el aniversario del natalicio &#8220;Mawlid&#8221;  del Profeta Mahoma"},"content":{"rendered":"<p style=\"text-align: justify\"><span style=\"color: #800000\">Damasco, SANA<\/span>&#8211; El Presidente Bashar Al-Assad ha participado en el acto religioso celebrado en la mezquita al-Akram en Damasco y organizado por el ministerio de asuntos religiosos \u00a8Awkaf\u00a8, con ocasi\u00f3n del aniversario del natalicio &#8220;El presidente Al-Assad conmemora el aniversario del natalicio &#8220;Mawlid&#8221; del profeta del Islam, Mahoma.<\/p>\n<p style=\"text-align: justify\">Luego de estrecharle la mano a las personalidades que estaban a su recibimiento, el Presidente Al-Assad practic\u00f3 en la mezquita al-Akram el rezo del anochecer con el imam Adnan al-Afeoni, el gran muft\u00ed de Damasco.<\/p>\n<p style=\"text-align: justify\">Acto seguido comenz\u00f3 la celebraci\u00f3n leyendo vers\u00edculos del Cor\u00e1n e himnos de alabanza al profeta Mahoma.<\/p>\n<p style=\"text-align: justify\">Luego el ministro de Dotaciones Religiosas, \u00a8Awkaf\u00a8, Muhammad Abdulsattar Al-Sayed, pronuncio una palabra en la que destac\u00f3 los nobles valores humanos que el profeta Mahoma encarnaba, llamando a seguir los pasos del profeta y a abrazar su ejemplo de piedad, fraternidad e igualdad.<\/p>\n<p style=\"text-align: justify\">Asimismo el titular sirio saludo a los m\u00e1rtires de la patria, asegurando que ellos sacrificaron sus vidas en defensa de la patria y los valores que defiende el Islam que son la justicia, la misericordia y la igualdad y no lo que propagan los terroristas de injusticia, muerte, decapitaci\u00f3n y destrucci\u00f3n.<\/p>\n<p style=\"text-align: justify\">Se\u00f1al\u00f3 que el terrorismo practicado por los oscurantistas no cambiar\u00e1 nuestra fe en el islam y en el panarabismo.<\/p>\n<p style=\"text-align: justify\">Tambi\u00e9n el ministro afirm\u00f3 que el presidente Al-Assad logr\u00f3 sacar el pa\u00eds del peligro que enfrenta.<\/p>\n<p style=\"text-align: justify\">La ceremonia finaliz\u00f3 con rezos del muft\u00ed de Damasco, implor\u00e1ndole a Dios que preserve a los que defienden el suelo nacional y que nos ayude a superar la crisis y recuperar la paz y la seguridad.<\/p>\n<div id='gallery-1' class='gallery galleryid-35482 gallery-columns-3 gallery-size-thumbnail'><figure class='gallery-item'>\n\t\t\t<div class='gallery-icon landscape'>\n\t\t\t\t<a href='https:\/\/archive.sana.sy\/es\/wp-content\/uploads\/2015\/12\/presidente-al-Assad-Natalicio-del-Profeta-3.jpg'><img loading=\"lazy\" decoding=\"async\" width=\"150\" height=\"92\" src=\"https:\/\/archive.sana.sy\/es\/wp-content\/uploads\/2015\/12\/presidente-al-Assad-Natalicio-del-Profeta-3-150x92.jpg\" class=\"attachment-thumbnail size-thumbnail\" alt=\"\" srcset=\"https:\/\/archive.sana.sy\/es\/wp-content\/uploads\/2015\/12\/presidente-al-Assad-Natalicio-del-Profeta-3-150x92.jpg 150w, https:\/\/archive.sana.sy\/es\/wp-content\/uploads\/2015\/12\/presidente-al-Assad-Natalicio-del-Profeta-3-300x184.jpg 300w, https:\/\/archive.sana.sy\/es\/wp-content\/uploads\/2015\/12\/presidente-al-Assad-Natalicio-del-Profeta-3-768x472.jpg 768w, https:\/\/archive.sana.sy\/es\/wp-content\/uploads\/2015\/12\/presidente-al-Assad-Natalicio-del-Profeta-3.jpg 818w\" sizes=\"(max-width: 150px) 100vw, 150px\" \/><\/a>\n\t\t\t<\/div><\/figure><figure class='gallery-item'>\n\t\t\t<div class='gallery-icon landscape'>\n\t\t\t\t<a href='https:\/\/archive.sana.sy\/es\/wp-content\/uploads\/2015\/12\/presidente-al-Assad-Natalicio-del-Profeta-2.jpg'><img loading=\"lazy\" decoding=\"async\" width=\"150\" height=\"73\" src=\"https:\/\/archive.sana.sy\/es\/wp-content\/uploads\/2015\/12\/presidente-al-Assad-Natalicio-del-Profeta-2-150x73.jpg\" class=\"attachment-thumbnail size-thumbnail\" alt=\"\" srcset=\"https:\/\/archive.sana.sy\/es\/wp-content\/uploads\/2015\/12\/presidente-al-Assad-Natalicio-del-Profeta-2-150x73.jpg 150w, https:\/\/archive.sana.sy\/es\/wp-content\/uploads\/2015\/12\/presidente-al-Assad-Natalicio-del-Profeta-2-300x146.jpg 300w, https:\/\/archive.sana.sy\/es\/wp-content\/uploads\/2015\/12\/presidente-al-Assad-Natalicio-del-Profeta-2-768x373.jpg 768w, https:\/\/archive.sana.sy\/es\/wp-content\/uploads\/2015\/12\/presidente-al-Assad-Natalicio-del-Profeta-2-1024x497.jpg 1024w\" sizes=\"(max-width: 150px) 100vw, 150px\" \/><\/a>\n\t\t\t<\/div><\/figure><figure class='gallery-item'>\n\t\t\t<div class='gallery-icon landscape'>\n\t\t\t\t<a href='https:\/\/archive.sana.sy\/es\/wp-content\/uploads\/2015\/12\/presidente-al-Assad-Natalicio-del-Profeta.jpg'><img loading=\"lazy\" decoding=\"async\" width=\"150\" height=\"100\" src=\"https:\/\/archive.sana.sy\/es\/wp-content\/uploads\/2015\/12\/presidente-al-Assad-Natalicio-del-Profeta-150x100.jpg\" class=\"attachment-thumbnail size-thumbnail\" alt=\"\" srcset=\"https:\/\/archive.sana.sy\/es\/wp-content\/uploads\/2015\/12\/presidente-al-Assad-Natalicio-del-Profeta-150x100.jpg 150w, https:\/\/archive.sana.sy\/es\/wp-content\/uploads\/2015\/12\/presidente-al-Assad-Natalicio-del-Profeta-300x200.jpg 300w, https:\/\/archive.sana.sy\/es\/wp-content\/uploads\/2015\/12\/presidente-al-Assad-Natalicio-del-Profeta-310x205.jpg 310w, https:\/\/archive.sana.sy\/es\/wp-content\/uploads\/2015\/12\/presidente-al-Assad-Natalicio-del-Profeta.jpg 756w\" sizes=\"(max-width: 150px) 100vw, 150px\" \/><\/a>\n\t\t\t<\/div><\/figure>\n\t\t<\/div>\n\n<p>M.Miri<\/p>\n","protected":false},"excerpt":{"rendered":"<p>Damasco, SANA&#8211; El Presidente Bashar Al-Assad ha participado en el acto religioso celebrado en la mezquita al-Akram en Damasco y organizado por el ministerio de asuntos religiosos \u00a8Awkaf\u00a8, con ocasi\u00f3n del aniversario del natalicio &#8220;El presidente Al-Assad conmemora el aniversario del natalicio &#8220;Mawlid&#8221; del profeta del Islam, Mahoma. Luego de estrecharle la mano a las &hellip;<\/p>\n","protected":false},"author":1,"featured_media":35483,"comment_status":"closed","ping_status":"closed","sticky":false,"template":"","format":"standard","meta":{"footnotes":""},"categories":[477,476,583,626,7541],"tags":[7644,7640],"class_list":["post-35482","post","type-post","status-publish","format-standard","has-post-thumbnail","","category-noticias-edulcorantes","category-locales","category-slide","category-sr-presidente","category-ultimas-noticias","tag-el-presidente-al-assad-conmemora-el-aniversario-del-natalicio-mawlid-del-profeta-mahoma","tag-el-presidente-al-assad-conmemora-el-aniversario-del-natalicio-del-profeta-mahoma"],"_links":{"self":[{"href":"https:\/\/archive.sana.sy\/es\/index.php?rest_route=\/wp\/v2\/posts\/35482"}],"collection":[{"href":"https:\/\/archive.sana.sy\/es\/index.php?rest_route=\/wp\/v2\/posts"}],"about":[{"href":"https:\/\/archive.sana.sy\/es\/index.php?rest_route=\/wp\/v2\/types\/post"}],"author":[{"embeddable":true,"href":"https:\/\/archive.sana.sy\/es\/index.php?rest_route=\/wp\/v2\/users\/1"}],"replies":[{"embeddable":true,"href":"https:\/\/archive.sana.sy\/es\/index.php?rest_route=%2Fwp%2Fv2%2Fcomments&post=35482"}],"version-history":[{"count":0,"href":"https:\/\/archive.sana.sy\/es\/index.php?rest_route=\/wp\/v2\/posts\/35482\/revisions"}],"wp:featuredmedia":[{"embeddable":true,"href":"https:\/\/archive.sana.sy\/es\/index.php?rest_route=\/wp\/v2\/media\/35483"}],"wp:attachment":[{"href":"https:\/\/archive.sana.sy\/es\/index.php?rest_route=%2Fwp%2Fv2%2Fmedia&parent=35482"}],"wp:term":[{"taxonomy":"category","embeddable":true,"href":"https:\/\/archive.sana.sy\/es\/index.php?rest_route=%2Fwp%2Fv2%2Fcategories&post=35482"},{"taxonomy":"post_tag","embeddable":true,"href":"https:\/\/archive.sana.sy\/es\/index.php?rest_route=%2Fwp%2Fv2%2Ftags&post=35482"}],"curies":[{"name":"wp","href":"https:\/\/api.w.org\/{rel}","templated":true}]}}