{"id":35492,"date":"2015-12-22T22:44:08","date_gmt":"2015-12-22T20:44:08","guid":{"rendered":"http:\/\/sana.sy\/es\/?p=35492"},"modified":"2015-12-22T22:51:53","modified_gmt":"2015-12-22T20:51:53","slug":"putin-destaca-necesidad-del-lanzamiento-de-las-negociaciones-intersirias","status":"publish","type":"post","link":"https:\/\/archive.sana.sy\/es\/?p=35492","title":{"rendered":"Putin destaca necesidad del lanzamiento de las negociaciones intersirias"},"content":{"rendered":"<p style=\"text-align: justify\"><span style=\"color: #800000\">Mosc\u00fa, SANA<\/span>&#8211; El presidente ruso, Vladimir Putin, destac\u00f3 la importancia del lanzamiento de las negociaciones intersirias bajo una supervisi\u00f3n internacional y la necesidad de hacer frente contra la organizaci\u00f3n terrorista &#8220;Dassh&#8221;.<\/p>\n<p style=\"text-align: justify\">Seg\u00fan el Kremlin que las declaraciones del mandatario ruso produjeron durante una conversaci\u00f3n telef\u00f3nica entre Putin y el presidente del gobierno de la ocupaci\u00f3n israel\u00ed Benjamin Netanyahu, inform\u00f3 el canal televisivo Rusia Hoy.<\/p>\n<p style=\"text-align: justify\">Kremlin se\u00f1al\u00f3 que el presidente Putin ha destacado &#8220;la necesidad de tomar medidas concretas encaminadas a reducir la tensi\u00f3n entre palestinos e israel\u00edes.&#8221;<\/p>\n<p>M.Miri<\/p>\n","protected":false},"excerpt":{"rendered":"<p>Mosc\u00fa, SANA&#8211; El presidente ruso, Vladimir Putin, destac\u00f3 la importancia del lanzamiento de las negociaciones intersirias bajo una supervisi\u00f3n internacional y la necesidad de hacer frente contra la organizaci\u00f3n terrorista &#8220;Dassh&#8221;. Seg\u00fan el Kremlin que las declaraciones del mandatario ruso produjeron durante una conversaci\u00f3n telef\u00f3nica entre Putin y el presidente del gobierno de la ocupaci\u00f3n &hellip;<\/p>\n","protected":false},"author":1,"featured_media":35493,"comment_status":"closed","ping_status":"closed","sticky":false,"template":"","format":"standard","meta":{"footnotes":""},"categories":[467,7541],"tags":[7643,7642],"class_list":["post-35492","post","type-post","status-publish","format-standard","has-post-thumbnail","","category-siria-y-el-mundo","category-ultimas-noticias","tag-putin-destaca-necesidad-del-lanzamiento-de-las-negociaciones-intersirias","tag-putin-destaca-necesidad-del-lanzamiento-de-las-negociaciones-siria-siria"],"_links":{"self":[{"href":"https:\/\/archive.sana.sy\/es\/index.php?rest_route=\/wp\/v2\/posts\/35492"}],"collection":[{"href":"https:\/\/archive.sana.sy\/es\/index.php?rest_route=\/wp\/v2\/posts"}],"about":[{"href":"https:\/\/archive.sana.sy\/es\/index.php?rest_route=\/wp\/v2\/types\/post"}],"author":[{"embeddable":true,"href":"https:\/\/archive.sana.sy\/es\/index.php?rest_route=\/wp\/v2\/users\/1"}],"replies":[{"embeddable":true,"href":"https:\/\/archive.sana.sy\/es\/index.php?rest_route=%2Fwp%2Fv2%2Fcomments&post=35492"}],"version-history":[{"count":0,"href":"https:\/\/archive.sana.sy\/es\/index.php?rest_route=\/wp\/v2\/posts\/35492\/revisions"}],"wp:featuredmedia":[{"embeddable":true,"href":"https:\/\/archive.sana.sy\/es\/index.php?rest_route=\/wp\/v2\/media\/35493"}],"wp:attachment":[{"href":"https:\/\/archive.sana.sy\/es\/index.php?rest_route=%2Fwp%2Fv2%2Fmedia&parent=35492"}],"wp:term":[{"taxonomy":"category","embeddable":true,"href":"https:\/\/archive.sana.sy\/es\/index.php?rest_route=%2Fwp%2Fv2%2Fcategories&post=35492"},{"taxonomy":"post_tag","embeddable":true,"href":"https:\/\/archive.sana.sy\/es\/index.php?rest_route=%2Fwp%2Fv2%2Ftags&post=35492"}],"curies":[{"name":"wp","href":"https:\/\/api.w.org\/{rel}","templated":true}]}}