{"id":35496,"date":"2015-12-23T11:44:33","date_gmt":"2015-12-23T09:44:33","guid":{"rendered":"http:\/\/sana.sy\/es\/?p=35496"},"modified":"2015-12-23T11:44:33","modified_gmt":"2015-12-23T09:44:33","slug":"shaaban-la-alianza-entre-rusia-iran-y-siria-es-una-verdadera-coalicion-antiterrorista","status":"publish","type":"post","link":"https:\/\/archive.sana.sy\/es\/?p=35496","title":{"rendered":"Shaaban: la alianza entre Rusia, Ir\u00e1n y Siria es una verdadera coalici\u00f3n antiterrorista"},"content":{"rendered":"<p><span style=\"color: #800000\">Damasco, SANA<\/span><\/p>\n<p>La Asesora Pol\u00edtica y de Medios de Comunicaci\u00f3n en la Presidencia de la Rep\u00fablica, Dra. Bouzeina Shaaban, subray\u00f3 que \u201cel fracaso de Occidente en Siria, la firmeza del pueblo y el ej\u00e9rcito sirios, el \u00e9xito de la visi\u00f3n ruso-china, y tambi\u00e9n la llegada del terrorismo a Par\u00eds y Estados Unidos eran los principales motivos detr\u00e1s de la emisi\u00f3n de las resoluciones No. 2253 y No. 2254 del Consejo de Seguridad de la ONU.\u201d<\/p>\n<p>En una entrevista exclusiva con el canal \u201cAl Mayadeen\u201d, Shaaban dijo que &#8220;el \u00e9nfasis que hace la resoluci\u00f3n No. 2254 sobre el derecho del pueblo sirio a la autodeterminaci\u00f3n y el hecho de tener en cuenta la unidad, integridad y soberan\u00eda de Siria en cada acto es de suma importancia porque la guerra contra Siria busca principalmente imponer la tutela sobre este pa\u00eds&#8221;.<\/p>\n<p>Destac\u00f3 que \u201cSiria no aceptar\u00e1 lo que podr\u00eda afectar su soberan\u00eda y unidad y la dignidad de su gente\u201d.<\/p>\n<p>Shaaban opin\u00f3 adem\u00e1s que \u201cla emisi\u00f3n de la resoluci\u00f3n No. 2253 para secar las fuentes del terrorismo en virtud del Cap\u00edtulo VII y con una unanimidad internacional es muy importante, y eso ha sido una exigencia de Siria\u201d, indicando que la aplicaci\u00f3n de esta resoluci\u00f3n depende de la voluntad de los pa\u00edses que financian el terrorismo.<\/p>\n<p>La asesora presidencial siria opin\u00f3 que \u201csi hubiera una verdadera voluntad e intenci\u00f3n internacional para detener la guerra que agota a Siria, lo oportuno ser\u00eda aplicar hoy mismo la Resoluci\u00f3n No. 2253 que fue aprobada en virtud del Cap\u00edtulo VII\u201d.<\/p>\n<p>Se\u00f1al\u00f3 que la aplicaci\u00f3n de esas resoluciones depende del cierre de la frontera con Turqu\u00eda y sancionar a los pa\u00edses que financian y arman a los terroristas.<br \/>\nShaaban precis\u00f3 que &#8220;la resoluci\u00f3n No. 2254 no provoca la preocupaci\u00f3n y consternaci\u00f3n de Damasco ya que tom\u00f3 en cuenta los datos de Viena y Ginebra, y Siria estar\u00e1 lista para tratar con esa resoluci\u00f3n.&#8221;<br \/>\nDe igual manera, acot\u00f3 que \u201cla decisi\u00f3n de Siria seguir\u00e1 siendo independiente en estas negociaciones y que el objetivo en el campo pol\u00edtico es instaurar la seguridad y la estabilidad en Siria\u201d, se\u00f1alando que \u201cel levantamiento de las sanciones es una parte esencial de la soluci\u00f3n pol\u00edtica y del futuro que buscamos\u201d.<\/p>\n<p>Shaaban expres\u00f3 su convicci\u00f3n de que lo que pas\u00f3 en Nueva York super\u00f3 la conferencia de Riad y puso al r\u00e9gimen saud\u00ed en una situaci\u00f3n embarazosa, y se\u00f1al\u00f3 que el r\u00e9gimen saud\u00ed es el que financia y arma a los grupos terroristas.<\/p>\n<p>Subray\u00f3 que dudar de la relaci\u00f3n ruso-iran\u00ed o sirio-rusa es obra de la otra parte que est\u00e1 tratando de ganar puntos en los medios de comunicaci\u00f3n, explicando que &#8220;la alianza ruso-iran\u00ed-siria es una verdadera alianza contra el terrorismo y es coherente con la legitimidad internacional.&#8221;<\/p>\n<p>De igual manera, afirm\u00f3 que la unidad del territorio y del pueblo de Siria es una l\u00ednea roja para el gobierno sirio y que lo peor ya ha pasado en Siria y en la actualidad la situaci\u00f3n es mucho mejor que antes.<\/p>\n<p>Por \u00faltimo, opin\u00f3 que el rol de Turqu\u00eda y de Arabia Saudita est\u00e1 en decadencia en la regi\u00f3n y destac\u00f3 que el actual gobierno turco traer\u00e1 el flagelo a Turqu\u00eda y su pueblo.<\/p>\n<p><span style=\"color: #3366ff\">Fady M., Hala B.<\/span><\/p>\n","protected":false},"excerpt":{"rendered":"<p>Damasco, SANA La Asesora Pol\u00edtica y de Medios de Comunicaci\u00f3n en la Presidencia de la Rep\u00fablica, Dra. Bouzeina Shaaban, subray\u00f3 que \u201cel fracaso de Occidente en Siria, la firmeza del pueblo y el ej\u00e9rcito sirios, el \u00e9xito de la visi\u00f3n ruso-china, y tambi\u00e9n la llegada del terrorismo a Par\u00eds y Estados Unidos eran los principales &hellip;<\/p>\n","protected":false},"author":1,"featured_media":35497,"comment_status":"closed","ping_status":"closed","sticky":false,"template":"","format":"standard","meta":{"footnotes":""},"categories":[477,597,476,7541],"tags":[7646,7645],"class_list":["post-35496","post","type-post","status-publish","format-standard","has-post-thumbnail","","category-noticias-edulcorantes","category-cinta-de-noticias","category-locales","category-ultimas-noticias","tag-iran-y-siria-es-una-verdadera-coalicion-antiterrorista","tag-shaaban-la-alianza-entre-rusia"],"_links":{"self":[{"href":"https:\/\/archive.sana.sy\/es\/index.php?rest_route=\/wp\/v2\/posts\/35496"}],"collection":[{"href":"https:\/\/archive.sana.sy\/es\/index.php?rest_route=\/wp\/v2\/posts"}],"about":[{"href":"https:\/\/archive.sana.sy\/es\/index.php?rest_route=\/wp\/v2\/types\/post"}],"author":[{"embeddable":true,"href":"https:\/\/archive.sana.sy\/es\/index.php?rest_route=\/wp\/v2\/users\/1"}],"replies":[{"embeddable":true,"href":"https:\/\/archive.sana.sy\/es\/index.php?rest_route=%2Fwp%2Fv2%2Fcomments&post=35496"}],"version-history":[{"count":0,"href":"https:\/\/archive.sana.sy\/es\/index.php?rest_route=\/wp\/v2\/posts\/35496\/revisions"}],"wp:featuredmedia":[{"embeddable":true,"href":"https:\/\/archive.sana.sy\/es\/index.php?rest_route=\/wp\/v2\/media\/35497"}],"wp:attachment":[{"href":"https:\/\/archive.sana.sy\/es\/index.php?rest_route=%2Fwp%2Fv2%2Fmedia&parent=35496"}],"wp:term":[{"taxonomy":"category","embeddable":true,"href":"https:\/\/archive.sana.sy\/es\/index.php?rest_route=%2Fwp%2Fv2%2Fcategories&post=35496"},{"taxonomy":"post_tag","embeddable":true,"href":"https:\/\/archive.sana.sy\/es\/index.php?rest_route=%2Fwp%2Fv2%2Ftags&post=35496"}],"curies":[{"name":"wp","href":"https:\/\/api.w.org\/{rel}","templated":true}]}}