{"id":35502,"date":"2015-12-23T15:12:11","date_gmt":"2015-12-23T13:12:11","guid":{"rendered":"http:\/\/sana.sy\/es\/?p=35502"},"modified":"2015-12-23T15:29:36","modified_gmt":"2015-12-23T13:29:36","slug":"moscu-dispuesta-a-cooperar-con-quien-lucha-contra-los-terroristas-sobre-el-terreno-en-siria","status":"publish","type":"post","link":"https:\/\/archive.sana.sy\/es\/?p=35502","title":{"rendered":"Mosc\u00fa dispuesta a cooperar con quien lucha contra los terroristas sobre el terreno en Siria"},"content":{"rendered":"<p><span style=\"color: #800000\">Mosc\u00fa, SANA<\/span><\/p>\n<p>El ministro de Exteriores de Rusia, Serguei Lavrov, dijo que es muy importante la unificaci\u00f3n de los esfuerzos de las partes que est\u00e1n luchando contra el terrorismo para alcanzar un arreglo en Siria.<\/p>\n<p>Al recibir al copresidente del Partido Democr\u00e1tico de los Pueblos de Turqu\u00eda, Selahattin Demirtas, el canciller ruso expres\u00f3 la disposici\u00f3n de su pa\u00eds a cooperar con quien lucha contra los terroristas sobre el terreno en Siria.<\/p>\n<p>El jefe de la diplomacia rusa indic\u00f3 que el deterioro de las relaciones entre Rusia y el Gobierno de Turqu\u00eda debido al derribo del Su-24 no afecta de ning\u00fan modo las relaciones con el pueblo turco.<\/p>\n<p>&nbsp;<\/p>\n<p>Fady M., Hala B.<\/p>\n","protected":false},"excerpt":{"rendered":"<p>Mosc\u00fa, SANA El ministro de Exteriores de Rusia, Serguei Lavrov, dijo que es muy importante la unificaci\u00f3n de los esfuerzos de las partes que est\u00e1n luchando contra el terrorismo para alcanzar un arreglo en Siria. Al recibir al copresidente del Partido Democr\u00e1tico de los Pueblos de Turqu\u00eda, Selahattin Demirtas, el canciller ruso expres\u00f3 la disposici\u00f3n &hellip;<\/p>\n","protected":false},"author":1,"featured_media":35503,"comment_status":"closed","ping_status":"closed","sticky":false,"template":"","format":"standard","meta":{"footnotes":""},"categories":[456,457,576,7541],"tags":[7648],"class_list":["post-35502","post","type-post","status-publish","format-standard","has-post-thumbnail","","category-arabe-internacional-politica","category-noticias-arabe-internacional-politica","category-noticias-politicas","category-ultimas-noticias","tag-moscu-dispuesta-a-cooperar-con-quien-lucha-contra-los-terroristas-sobre-el-terreno-en-siria"],"_links":{"self":[{"href":"https:\/\/archive.sana.sy\/es\/index.php?rest_route=\/wp\/v2\/posts\/35502"}],"collection":[{"href":"https:\/\/archive.sana.sy\/es\/index.php?rest_route=\/wp\/v2\/posts"}],"about":[{"href":"https:\/\/archive.sana.sy\/es\/index.php?rest_route=\/wp\/v2\/types\/post"}],"author":[{"embeddable":true,"href":"https:\/\/archive.sana.sy\/es\/index.php?rest_route=\/wp\/v2\/users\/1"}],"replies":[{"embeddable":true,"href":"https:\/\/archive.sana.sy\/es\/index.php?rest_route=%2Fwp%2Fv2%2Fcomments&post=35502"}],"version-history":[{"count":0,"href":"https:\/\/archive.sana.sy\/es\/index.php?rest_route=\/wp\/v2\/posts\/35502\/revisions"}],"wp:featuredmedia":[{"embeddable":true,"href":"https:\/\/archive.sana.sy\/es\/index.php?rest_route=\/wp\/v2\/media\/35503"}],"wp:attachment":[{"href":"https:\/\/archive.sana.sy\/es\/index.php?rest_route=%2Fwp%2Fv2%2Fmedia&parent=35502"}],"wp:term":[{"taxonomy":"category","embeddable":true,"href":"https:\/\/archive.sana.sy\/es\/index.php?rest_route=%2Fwp%2Fv2%2Fcategories&post=35502"},{"taxonomy":"post_tag","embeddable":true,"href":"https:\/\/archive.sana.sy\/es\/index.php?rest_route=%2Fwp%2Fv2%2Ftags&post=35502"}],"curies":[{"name":"wp","href":"https:\/\/api.w.org\/{rel}","templated":true}]}}