{"id":355112,"date":"2025-06-02T10:09:30","date_gmt":"2025-06-02T07:09:30","guid":{"rendered":"https:\/\/sana.sy\/es\/?p=355112"},"modified":"2025-06-02T10:09:47","modified_gmt":"2025-06-02T07:09:47","slug":"jordania-ayudara-a-formar-el-personal-diplomatico-de-la-cancilleria-siria","status":"publish","type":"post","link":"https:\/\/archive.sana.sy\/es\/?p=355112","title":{"rendered":"Jordania ayudar\u00e1 a formar el personal diplom\u00e1tico de la Canciller\u00eda siria"},"content":{"rendered":"<p style=\"text-align: justify;\"><span style=\"color: #800000;\">Am\u00e1n, 2 jun (SANA)<\/span> El Consejo de Ministros de Jordania aprob\u00f3 un memorando de entendimiento para la cooperaci\u00f3n en la formaci\u00f3n de personal diplom\u00e1tico y empleados de instituciones del sector p\u00fablico, firmado entre el Ministerio de Asuntos Exteriores de Jordania y su hom\u00f3logo sirio.<\/p>\n<p style=\"text-align: justify;\">\u201cEl Gabinete decidi\u00f3 aprobar un memorando de entendimiento sobre cooperaci\u00f3n en la formaci\u00f3n del personal diplom\u00e1tico y empleados de instituciones del sector p\u00fablico entre el Instituto Diplom\u00e1tico del Ministerio de Asuntos Exteriores en Jordania y el Instituto Diplom\u00e1tico del Ministerio de Asuntos Exteriores y Expatriados en la Rep\u00fablica \u00c1rabe Siria&#8221;, inform\u00f3 la Agencia de Noticias Jordana (Petra).<\/p>\n<p style=\"text-align: justify;\">La agencia explic\u00f3 que el memorando de entendimiento tiene como objetivo intercambiar m\u00e9todos modernos de formaci\u00f3n entre ambos pa\u00edses y continuar desarroll\u00e1ndolos e introduci\u00e9ndolos en los \u00e1mbitos de la diplomacia, la administraci\u00f3n p\u00fablica, las relaciones internacionales, el derecho internacional, las ciencias pol\u00edticas y otras \u00e1reas de formaci\u00f3n.<\/p>\n<p style=\"text-align: justify;\">El memorando tambi\u00e9n tiene como objetivo intercambiar informaci\u00f3n sobre temas relacionados con las t\u00e9cnicas y m\u00e9todos modernos de formaci\u00f3n diplom\u00e1tica, as\u00ed como intercambiar publicaciones y trabajos relevantes.<\/p>\n","protected":false},"excerpt":{"rendered":"<p>Am\u00e1n, 2 jun (SANA) El Consejo de Ministros de Jordania aprob\u00f3 un memorando de entendimiento para la cooperaci\u00f3n en la formaci\u00f3n de personal diplom\u00e1tico y empleados de instituciones del sector p\u00fablico, firmado entre el Ministerio de Asuntos Exteriores de Jordania y su hom\u00f3logo sirio. \u201cEl Gabinete decidi\u00f3 aprobar un memorando de entendimiento sobre cooperaci\u00f3n en &hellip;<\/p>\n","protected":false},"author":32,"featured_media":355113,"comment_status":"closed","ping_status":"closed","sticky":false,"template":"","format":"standard","meta":{"footnotes":""},"categories":[597,20724,467,7541],"tags":[],"class_list":["post-355112","post","type-post","status-publish","format-standard","has-post-thumbnail","","category-cinta-de-noticias","category-minuto-a-minuto","category-siria-y-el-mundo","category-ultimas-noticias"],"_links":{"self":[{"href":"https:\/\/archive.sana.sy\/es\/index.php?rest_route=\/wp\/v2\/posts\/355112"}],"collection":[{"href":"https:\/\/archive.sana.sy\/es\/index.php?rest_route=\/wp\/v2\/posts"}],"about":[{"href":"https:\/\/archive.sana.sy\/es\/index.php?rest_route=\/wp\/v2\/types\/post"}],"author":[{"embeddable":true,"href":"https:\/\/archive.sana.sy\/es\/index.php?rest_route=\/wp\/v2\/users\/32"}],"replies":[{"embeddable":true,"href":"https:\/\/archive.sana.sy\/es\/index.php?rest_route=%2Fwp%2Fv2%2Fcomments&post=355112"}],"version-history":[{"count":2,"href":"https:\/\/archive.sana.sy\/es\/index.php?rest_route=\/wp\/v2\/posts\/355112\/revisions"}],"predecessor-version":[{"id":355116,"href":"https:\/\/archive.sana.sy\/es\/index.php?rest_route=\/wp\/v2\/posts\/355112\/revisions\/355116"}],"wp:featuredmedia":[{"embeddable":true,"href":"https:\/\/archive.sana.sy\/es\/index.php?rest_route=\/wp\/v2\/media\/355113"}],"wp:attachment":[{"href":"https:\/\/archive.sana.sy\/es\/index.php?rest_route=%2Fwp%2Fv2%2Fmedia&parent=355112"}],"wp:term":[{"taxonomy":"category","embeddable":true,"href":"https:\/\/archive.sana.sy\/es\/index.php?rest_route=%2Fwp%2Fv2%2Fcategories&post=355112"},{"taxonomy":"post_tag","embeddable":true,"href":"https:\/\/archive.sana.sy\/es\/index.php?rest_route=%2Fwp%2Fv2%2Ftags&post=355112"}],"curies":[{"name":"wp","href":"https:\/\/api.w.org\/{rel}","templated":true}]}}