{"id":35514,"date":"2015-12-23T14:30:33","date_gmt":"2015-12-23T12:30:33","guid":{"rendered":"http:\/\/sana.sy\/es\/?p=35514"},"modified":"2015-12-23T14:30:33","modified_gmt":"2015-12-23T12:30:33","slug":"peskov-no-tenemos-informacion-sobre-la-caida-de-civiles-por-los-bombardeos-rusos-en-siria","status":"publish","type":"post","link":"https:\/\/archive.sana.sy\/es\/?p=35514","title":{"rendered":"Peskov: No tenemos informaci\u00f3n sobre la ca\u00edda de civiles por los bombardeos rusos en Siria"},"content":{"rendered":"<p><span style=\"color: #800000\">Mosc\u00fa, SANA<\/span><\/p>\n<p>El portavoz de la presidencia rusa, Dmitry Peskov, dijo que \u201cMosc\u00fa no tiene informaci\u00f3n sobre la validez de las alegaciones sobre la posibilidad de la ca\u00edda de civiles a consecuencia de los ataques de los aviones de combate rusos contra los sitios de los terroristas en Siria\u201d.<\/p>\n<p>En respuesta a preguntas de los periodistas acerca de un informe publicado por Amnist\u00eda Internacional en este sentido, Peskov dijo que \u201cno hay ninguna informaci\u00f3n sobre posibles accidentes como \u00e9ste y sobre la validez de estas acusaciones&#8221;.<\/p>\n<p>Asimismo, agreg\u00f3 que &#8220;el Kremlin a\u00fan no ha visto el nuevo informe de la Organizaci\u00f3n de Amnist\u00eda Internacional recomendando a los periodistas a dirigir sus preguntas al respecto al Ministerio de Defensa de Rusia que celebra conferencias de prensa peri\u00f3dicos sobre la operaci\u00f3n rusa en Siria &#8220;.<\/p>\n<p>Peskov hab\u00eda confirmado hace dos d\u00edas que la operaci\u00f3n militar rusa en Siria se efect\u00faa en plena observancia del derecho internacional.<\/p>\n<p>Fady M., Hala B.<\/p>\n","protected":false},"excerpt":{"rendered":"<p>Mosc\u00fa, SANA El portavoz de la presidencia rusa, Dmitry Peskov, dijo que \u201cMosc\u00fa no tiene informaci\u00f3n sobre la validez de las alegaciones sobre la posibilidad de la ca\u00edda de civiles a consecuencia de los ataques de los aviones de combate rusos contra los sitios de los terroristas en Siria\u201d. En respuesta a preguntas de los &hellip;<\/p>\n","protected":false},"author":1,"featured_media":35515,"comment_status":"closed","ping_status":"closed","sticky":false,"template":"","format":"standard","meta":{"footnotes":""},"categories":[456,457,576,7541],"tags":[7653],"class_list":["post-35514","post","type-post","status-publish","format-standard","has-post-thumbnail","","category-arabe-internacional-politica","category-noticias-arabe-internacional-politica","category-noticias-politicas","category-ultimas-noticias","tag-peskov-no-tenemos-informacion-sobre-la-caida-de-civiles-por-los-bombardeos-rusos-en-siria"],"_links":{"self":[{"href":"https:\/\/archive.sana.sy\/es\/index.php?rest_route=\/wp\/v2\/posts\/35514"}],"collection":[{"href":"https:\/\/archive.sana.sy\/es\/index.php?rest_route=\/wp\/v2\/posts"}],"about":[{"href":"https:\/\/archive.sana.sy\/es\/index.php?rest_route=\/wp\/v2\/types\/post"}],"author":[{"embeddable":true,"href":"https:\/\/archive.sana.sy\/es\/index.php?rest_route=\/wp\/v2\/users\/1"}],"replies":[{"embeddable":true,"href":"https:\/\/archive.sana.sy\/es\/index.php?rest_route=%2Fwp%2Fv2%2Fcomments&post=35514"}],"version-history":[{"count":0,"href":"https:\/\/archive.sana.sy\/es\/index.php?rest_route=\/wp\/v2\/posts\/35514\/revisions"}],"wp:featuredmedia":[{"embeddable":true,"href":"https:\/\/archive.sana.sy\/es\/index.php?rest_route=\/wp\/v2\/media\/35515"}],"wp:attachment":[{"href":"https:\/\/archive.sana.sy\/es\/index.php?rest_route=%2Fwp%2Fv2%2Fmedia&parent=35514"}],"wp:term":[{"taxonomy":"category","embeddable":true,"href":"https:\/\/archive.sana.sy\/es\/index.php?rest_route=%2Fwp%2Fv2%2Fcategories&post=35514"},{"taxonomy":"post_tag","embeddable":true,"href":"https:\/\/archive.sana.sy\/es\/index.php?rest_route=%2Fwp%2Fv2%2Ftags&post=35514"}],"curies":[{"name":"wp","href":"https:\/\/api.w.org\/{rel}","templated":true}]}}