{"id":355187,"date":"2025-06-02T20:45:44","date_gmt":"2025-06-02T17:45:44","guid":{"rendered":"https:\/\/sana.sy\/es\/?p=355187"},"modified":"2025-06-02T20:45:44","modified_gmt":"2025-06-02T17:45:44","slug":"ministro-del-interior-sirio-se-reune-con-su-homologo-saudi","status":"publish","type":"post","link":"https:\/\/archive.sana.sy\/es\/?p=355187","title":{"rendered":"Ministro del Interior sirio se re\u00fane con su hom\u00f3logo saud\u00ed"},"content":{"rendered":"<p style=\"text-align: justify;\"><span style=\"color: #800000;\"><strong>Yeda, 2 jun (SANA)\u00a0<\/strong><\/span> El ministro del Interior sirio, Anas Khattab, mantuvo este lunes un encuentro con su hom\u00f3logo saud\u00ed, pr\u00edncipe Abdulaziz bin Saud bin Naif, en la ciudad de Yeda, Arabia Saudita.<\/p>\n<p style=\"text-align: justify;\">La reuni\u00f3n tuvo como objetivo fortalecer los mecanismos de cooperaci\u00f3n entre ambos pa\u00edses hermanos.<\/p>\n<div id='gallery-1' class='gallery galleryid-355187 gallery-columns-1 gallery-size-full'><figure class='gallery-item'>\n\t\t\t<div class='gallery-icon landscape'>\n\t\t\t\t<a href='https:\/\/archive.sana.sy\/es\/wp-content\/uploads\/2025\/06\/photo_5_2025-06-02_20-34-36-copy.jpg'><img loading=\"lazy\" decoding=\"async\" width=\"660\" height=\"440\" src=\"https:\/\/archive.sana.sy\/es\/wp-content\/uploads\/2025\/06\/photo_5_2025-06-02_20-34-36-copy.jpg\" class=\"attachment-full size-full\" alt=\"\" srcset=\"https:\/\/archive.sana.sy\/es\/wp-content\/uploads\/2025\/06\/photo_5_2025-06-02_20-34-36-copy.jpg 660w, https:\/\/archive.sana.sy\/es\/wp-content\/uploads\/2025\/06\/photo_5_2025-06-02_20-34-36-copy-300x200.jpg 300w, https:\/\/archive.sana.sy\/es\/wp-content\/uploads\/2025\/06\/photo_5_2025-06-02_20-34-36-copy-150x100.jpg 150w\" sizes=\"(max-width: 660px) 100vw, 660px\" \/><\/a>\n\t\t\t<\/div><\/figure><figure class='gallery-item'>\n\t\t\t<div class='gallery-icon landscape'>\n\t\t\t\t<a href='https:\/\/archive.sana.sy\/es\/wp-content\/uploads\/2025\/06\/photo_4_2025-06-02_20-34-36-copy.jpg'><img loading=\"lazy\" decoding=\"async\" width=\"660\" height=\"452\" src=\"https:\/\/archive.sana.sy\/es\/wp-content\/uploads\/2025\/06\/photo_4_2025-06-02_20-34-36-copy.jpg\" class=\"attachment-full size-full\" alt=\"\" srcset=\"https:\/\/archive.sana.sy\/es\/wp-content\/uploads\/2025\/06\/photo_4_2025-06-02_20-34-36-copy.jpg 660w, https:\/\/archive.sana.sy\/es\/wp-content\/uploads\/2025\/06\/photo_4_2025-06-02_20-34-36-copy-300x205.jpg 300w, https:\/\/archive.sana.sy\/es\/wp-content\/uploads\/2025\/06\/photo_4_2025-06-02_20-34-36-copy-150x103.jpg 150w, https:\/\/archive.sana.sy\/es\/wp-content\/uploads\/2025\/06\/photo_4_2025-06-02_20-34-36-copy-110x75.jpg 110w\" sizes=\"(max-width: 660px) 100vw, 660px\" \/><\/a>\n\t\t\t<\/div><\/figure><figure class='gallery-item'>\n\t\t\t<div class='gallery-icon landscape'>\n\t\t\t\t<a href='https:\/\/archive.sana.sy\/es\/wp-content\/uploads\/2025\/06\/photo_1_2025-06-02_20-34-35-copy.jpg'><img loading=\"lazy\" decoding=\"async\" width=\"660\" height=\"525\" src=\"https:\/\/archive.sana.sy\/es\/wp-content\/uploads\/2025\/06\/photo_1_2025-06-02_20-34-35-copy.jpg\" class=\"attachment-full size-full\" alt=\"\" srcset=\"https:\/\/archive.sana.sy\/es\/wp-content\/uploads\/2025\/06\/photo_1_2025-06-02_20-34-35-copy.jpg 660w, https:\/\/archive.sana.sy\/es\/wp-content\/uploads\/2025\/06\/photo_1_2025-06-02_20-34-35-copy-300x239.jpg 300w, https:\/\/archive.sana.sy\/es\/wp-content\/uploads\/2025\/06\/photo_1_2025-06-02_20-34-35-copy-150x119.jpg 150w\" sizes=\"(max-width: 660px) 100vw, 660px\" \/><\/a>\n\t\t\t<\/div><\/figure><figure class='gallery-item'>\n\t\t\t<div class='gallery-icon landscape'>\n\t\t\t\t<a href='https:\/\/archive.sana.sy\/es\/wp-content\/uploads\/2025\/06\/photo_3_2025-06-02_20-34-35-copy.jpg'><img loading=\"lazy\" decoding=\"async\" width=\"660\" height=\"440\" src=\"https:\/\/archive.sana.sy\/es\/wp-content\/uploads\/2025\/06\/photo_3_2025-06-02_20-34-35-copy.jpg\" class=\"attachment-full size-full\" alt=\"\" srcset=\"https:\/\/archive.sana.sy\/es\/wp-content\/uploads\/2025\/06\/photo_3_2025-06-02_20-34-35-copy.jpg 660w, https:\/\/archive.sana.sy\/es\/wp-content\/uploads\/2025\/06\/photo_3_2025-06-02_20-34-35-copy-300x200.jpg 300w, https:\/\/archive.sana.sy\/es\/wp-content\/uploads\/2025\/06\/photo_3_2025-06-02_20-34-35-copy-150x100.jpg 150w\" sizes=\"(max-width: 660px) 100vw, 660px\" \/><\/a>\n\t\t\t<\/div><\/figure>\n\t\t<\/div>\n\n","protected":false},"excerpt":{"rendered":"<p>Yeda, 2 jun (SANA)\u00a0 El ministro del Interior sirio, Anas Khattab, mantuvo este lunes un encuentro con su hom\u00f3logo saud\u00ed, pr\u00edncipe Abdulaziz bin Saud bin Naif, en la ciudad de Yeda, Arabia Saudita. La reuni\u00f3n tuvo como objetivo fortalecer los mecanismos de cooperaci\u00f3n entre ambos pa\u00edses hermanos.<\/p>\n","protected":false},"author":31,"featured_media":355188,"comment_status":"closed","ping_status":"closed","sticky":false,"template":"","format":"standard","meta":{"footnotes":""},"categories":[597,467,583],"tags":[],"class_list":["post-355187","post","type-post","status-publish","format-standard","has-post-thumbnail","","category-cinta-de-noticias","category-siria-y-el-mundo","category-slide"],"_links":{"self":[{"href":"https:\/\/archive.sana.sy\/es\/index.php?rest_route=\/wp\/v2\/posts\/355187"}],"collection":[{"href":"https:\/\/archive.sana.sy\/es\/index.php?rest_route=\/wp\/v2\/posts"}],"about":[{"href":"https:\/\/archive.sana.sy\/es\/index.php?rest_route=\/wp\/v2\/types\/post"}],"author":[{"embeddable":true,"href":"https:\/\/archive.sana.sy\/es\/index.php?rest_route=\/wp\/v2\/users\/31"}],"replies":[{"embeddable":true,"href":"https:\/\/archive.sana.sy\/es\/index.php?rest_route=%2Fwp%2Fv2%2Fcomments&post=355187"}],"version-history":[{"count":1,"href":"https:\/\/archive.sana.sy\/es\/index.php?rest_route=\/wp\/v2\/posts\/355187\/revisions"}],"predecessor-version":[{"id":355194,"href":"https:\/\/archive.sana.sy\/es\/index.php?rest_route=\/wp\/v2\/posts\/355187\/revisions\/355194"}],"wp:featuredmedia":[{"embeddable":true,"href":"https:\/\/archive.sana.sy\/es\/index.php?rest_route=\/wp\/v2\/media\/355188"}],"wp:attachment":[{"href":"https:\/\/archive.sana.sy\/es\/index.php?rest_route=%2Fwp%2Fv2%2Fmedia&parent=355187"}],"wp:term":[{"taxonomy":"category","embeddable":true,"href":"https:\/\/archive.sana.sy\/es\/index.php?rest_route=%2Fwp%2Fv2%2Fcategories&post=355187"},{"taxonomy":"post_tag","embeddable":true,"href":"https:\/\/archive.sana.sy\/es\/index.php?rest_route=%2Fwp%2Fv2%2Ftags&post=355187"}],"curies":[{"name":"wp","href":"https:\/\/api.w.org\/{rel}","templated":true}]}}