{"id":35541,"date":"2015-12-23T18:19:40","date_gmt":"2015-12-23T16:19:40","guid":{"rendered":"http:\/\/sana.sy\/es\/?p=35541"},"modified":"2015-12-23T18:21:49","modified_gmt":"2015-12-23T16:21:49","slug":"delegacion-francesa-pro-siria-visita-la-provincia-de-swaida","status":"publish","type":"post","link":"https:\/\/archive.sana.sy\/es\/?p=35541","title":{"rendered":"Delegaci\u00f3n francesa pro Siria visita la provincia de Swaida"},"content":{"rendered":"<p><span style=\"color: #800000\">Swaida, SANA<\/span><\/p>\n<p>La delegaci\u00f3n popular francesa \u201cJunto por Siria\u201d ha visitado este mi\u00e9rcoles la provincia sure\u00f1a de Swaida. Los miembros de la delegaci\u00f3n francesa se reunieron con destacadas figuras religiosas y civiles de Swaida, donde manifestaron su solidaridad con Siria frente al terrorismo takfiri, as\u00ed como alabaron la unidad nacional de los sirios durante la crisis actual.<\/p>\n<p>El jefe de la delegaci\u00f3n, Benjamin Blanchard destac\u00f3 que el terrorismo que azot\u00f3 a Francia hace poco es el mismo que est\u00e1 viviendo Siria hace cinco a\u00f1os, lamentando que el gobierno de su pa\u00eds ha esperado todos estos a\u00f1os para revisar sus posturas hostiles contra el pueblo sirio.<\/p>\n<p>Por su parte, las m\u00e1ximas autoridades de los Musulmanes Drusos agradecieron a la delegaci\u00f3n por su solidaridad con el pueblo sirio, aclarando que los honestos de Swaida han torpedeado todos los intentos de sembrar la sedici\u00f3n y la discordia entre los hijos de la patria.<\/p>\n<p>Asimismo dirigieron un llamamiento para que Occidente y Oriente se unan para erradicar al terrorismo y luchar contra el extremismo que est\u00e1 causando conflictos y destruyendo el patrimonio humanitario.<\/p>\n<p>&nbsp;<\/p>\n<div id='gallery-1' class='gallery galleryid-35541 gallery-columns-3 gallery-size-thumbnail'><figure class='gallery-item'>\n\t\t\t<div class='gallery-icon landscape'>\n\t\t\t\t<a href='https:\/\/archive.sana.sy\/es\/wp-content\/uploads\/2015\/12\/delegacion-francesa-en-Swaida-2.jpg'><img loading=\"lazy\" decoding=\"async\" width=\"150\" height=\"86\" src=\"https:\/\/archive.sana.sy\/es\/wp-content\/uploads\/2015\/12\/delegacion-francesa-en-Swaida-2-150x86.jpg\" class=\"attachment-thumbnail size-thumbnail\" alt=\"\" srcset=\"https:\/\/archive.sana.sy\/es\/wp-content\/uploads\/2015\/12\/delegacion-francesa-en-Swaida-2-150x86.jpg 150w, https:\/\/archive.sana.sy\/es\/wp-content\/uploads\/2015\/12\/delegacion-francesa-en-Swaida-2-300x171.jpg 300w, https:\/\/archive.sana.sy\/es\/wp-content\/uploads\/2015\/12\/delegacion-francesa-en-Swaida-2-768x439.jpg 768w, https:\/\/archive.sana.sy\/es\/wp-content\/uploads\/2015\/12\/delegacion-francesa-en-Swaida-2-1024x585.jpg 1024w\" sizes=\"(max-width: 150px) 100vw, 150px\" \/><\/a>\n\t\t\t<\/div><\/figure><figure class='gallery-item'>\n\t\t\t<div class='gallery-icon landscape'>\n\t\t\t\t<a href='https:\/\/archive.sana.sy\/es\/wp-content\/uploads\/2015\/12\/delegacion-francesa-en-Swaida-1.jpg'><img loading=\"lazy\" decoding=\"async\" width=\"150\" height=\"95\" src=\"https:\/\/archive.sana.sy\/es\/wp-content\/uploads\/2015\/12\/delegacion-francesa-en-Swaida-1-150x95.jpg\" class=\"attachment-thumbnail size-thumbnail\" alt=\"\" srcset=\"https:\/\/archive.sana.sy\/es\/wp-content\/uploads\/2015\/12\/delegacion-francesa-en-Swaida-1-150x95.jpg 150w, https:\/\/archive.sana.sy\/es\/wp-content\/uploads\/2015\/12\/delegacion-francesa-en-Swaida-1-300x191.jpg 300w, https:\/\/archive.sana.sy\/es\/wp-content\/uploads\/2015\/12\/delegacion-francesa-en-Swaida-1-768x488.jpg 768w, https:\/\/archive.sana.sy\/es\/wp-content\/uploads\/2015\/12\/delegacion-francesa-en-Swaida-1-1024x651.jpg 1024w\" sizes=\"(max-width: 150px) 100vw, 150px\" \/><\/a>\n\t\t\t<\/div><\/figure>\n\t\t<\/div>\n\n<p>&nbsp;<br \/>\nLynn A.<\/p>\n","protected":false},"excerpt":{"rendered":"<p>Swaida, SANA La delegaci\u00f3n popular francesa \u201cJunto por Siria\u201d ha visitado este mi\u00e9rcoles la provincia sure\u00f1a de Swaida. Los miembros de la delegaci\u00f3n francesa se reunieron con destacadas figuras religiosas y civiles de Swaida, donde manifestaron su solidaridad con Siria frente al terrorismo takfiri, as\u00ed como alabaron la unidad nacional de los sirios durante la &hellip;<\/p>\n","protected":false},"author":24,"featured_media":35542,"comment_status":"closed","ping_status":"closed","sticky":false,"template":"","format":"standard","meta":{"footnotes":""},"categories":[477,476,7541],"tags":[],"class_list":["post-35541","post","type-post","status-publish","format-standard","has-post-thumbnail","","category-noticias-edulcorantes","category-locales","category-ultimas-noticias"],"_links":{"self":[{"href":"https:\/\/archive.sana.sy\/es\/index.php?rest_route=\/wp\/v2\/posts\/35541"}],"collection":[{"href":"https:\/\/archive.sana.sy\/es\/index.php?rest_route=\/wp\/v2\/posts"}],"about":[{"href":"https:\/\/archive.sana.sy\/es\/index.php?rest_route=\/wp\/v2\/types\/post"}],"author":[{"embeddable":true,"href":"https:\/\/archive.sana.sy\/es\/index.php?rest_route=\/wp\/v2\/users\/24"}],"replies":[{"embeddable":true,"href":"https:\/\/archive.sana.sy\/es\/index.php?rest_route=%2Fwp%2Fv2%2Fcomments&post=35541"}],"version-history":[{"count":0,"href":"https:\/\/archive.sana.sy\/es\/index.php?rest_route=\/wp\/v2\/posts\/35541\/revisions"}],"wp:featuredmedia":[{"embeddable":true,"href":"https:\/\/archive.sana.sy\/es\/index.php?rest_route=\/wp\/v2\/media\/35542"}],"wp:attachment":[{"href":"https:\/\/archive.sana.sy\/es\/index.php?rest_route=%2Fwp%2Fv2%2Fmedia&parent=35541"}],"wp:term":[{"taxonomy":"category","embeddable":true,"href":"https:\/\/archive.sana.sy\/es\/index.php?rest_route=%2Fwp%2Fv2%2Fcategories&post=35541"},{"taxonomy":"post_tag","embeddable":true,"href":"https:\/\/archive.sana.sy\/es\/index.php?rest_route=%2Fwp%2Fv2%2Ftags&post=35541"}],"curies":[{"name":"wp","href":"https:\/\/api.w.org\/{rel}","templated":true}]}}