{"id":355465,"date":"2025-06-06T09:50:43","date_gmt":"2025-06-06T06:50:43","guid":{"rendered":"https:\/\/sana.sy\/es\/?p=355465"},"modified":"2025-06-06T12:12:23","modified_gmt":"2025-06-06T09:12:23","slug":"presidente-al-shara-recibe-mensaje-de-felicitacion-del-rey-abdullah-ii","status":"publish","type":"post","link":"https:\/\/archive.sana.sy\/es\/?p=355465","title":{"rendered":"Presidente Al-Shara recibe mensaje de felicitaci\u00f3n del Rey Abdullah II"},"content":{"rendered":"<p style=\"text-align: justify;\"><span style=\"color: #800000;\"><strong>Damasco, 6 jun (SANA)<\/strong><\/span>\u00a0 El presidente Ahmed Al-Shara, recibi\u00f3 un mensaje de felicitaci\u00f3n del Rey Abdullah II bin Al-Hussein, Rey del Reino Hachemita de Jordania, con motivo del Eid al-Adha.<\/p>\n<p style=\"text-align: justify;\">En su misiva, Su Majestad expres\u00f3 sus m\u00e1s c\u00e1lidas felicitaciones y mejores deseos al presidente Al-Shara, y dese\u00f3 al hermano pueblo sirio mayor progreso y prosperidad.<\/p>\n","protected":false},"excerpt":{"rendered":"<p>Damasco, 6 jun (SANA)\u00a0 El presidente Ahmed Al-Shara, recibi\u00f3 un mensaje de felicitaci\u00f3n del Rey Abdullah II bin Al-Hussein, Rey del Reino Hachemita de Jordania, con motivo del Eid al-Adha. En su misiva, Su Majestad expres\u00f3 sus m\u00e1s c\u00e1lidas felicitaciones y mejores deseos al presidente Al-Shara, y dese\u00f3 al hermano pueblo sirio mayor progreso y &hellip;<\/p>\n","protected":false},"author":31,"featured_media":355472,"comment_status":"closed","ping_status":"closed","sticky":false,"template":"","format":"standard","meta":{"footnotes":""},"categories":[597,476,16237,583],"tags":[],"class_list":["post-355465","post","type-post","status-publish","format-standard","has-post-thumbnail","","category-cinta-de-noticias","category-locales","category-presidence-de-la-republique-arabe-syria","category-slide"],"_links":{"self":[{"href":"https:\/\/archive.sana.sy\/es\/index.php?rest_route=\/wp\/v2\/posts\/355465"}],"collection":[{"href":"https:\/\/archive.sana.sy\/es\/index.php?rest_route=\/wp\/v2\/posts"}],"about":[{"href":"https:\/\/archive.sana.sy\/es\/index.php?rest_route=\/wp\/v2\/types\/post"}],"author":[{"embeddable":true,"href":"https:\/\/archive.sana.sy\/es\/index.php?rest_route=\/wp\/v2\/users\/31"}],"replies":[{"embeddable":true,"href":"https:\/\/archive.sana.sy\/es\/index.php?rest_route=%2Fwp%2Fv2%2Fcomments&post=355465"}],"version-history":[{"count":1,"href":"https:\/\/archive.sana.sy\/es\/index.php?rest_route=\/wp\/v2\/posts\/355465\/revisions"}],"predecessor-version":[{"id":355473,"href":"https:\/\/archive.sana.sy\/es\/index.php?rest_route=\/wp\/v2\/posts\/355465\/revisions\/355473"}],"wp:featuredmedia":[{"embeddable":true,"href":"https:\/\/archive.sana.sy\/es\/index.php?rest_route=\/wp\/v2\/media\/355472"}],"wp:attachment":[{"href":"https:\/\/archive.sana.sy\/es\/index.php?rest_route=%2Fwp%2Fv2%2Fmedia&parent=355465"}],"wp:term":[{"taxonomy":"category","embeddable":true,"href":"https:\/\/archive.sana.sy\/es\/index.php?rest_route=%2Fwp%2Fv2%2Fcategories&post=355465"},{"taxonomy":"post_tag","embeddable":true,"href":"https:\/\/archive.sana.sy\/es\/index.php?rest_route=%2Fwp%2Fv2%2Ftags&post=355465"}],"curies":[{"name":"wp","href":"https:\/\/api.w.org\/{rel}","templated":true}]}}