{"id":355474,"date":"2025-06-06T09:45:57","date_gmt":"2025-06-06T06:45:57","guid":{"rendered":"https:\/\/sana.sy\/es\/?p=355474"},"modified":"2025-06-06T12:12:08","modified_gmt":"2025-06-06T09:12:08","slug":"presidente-al-shara-recibe-una-felicitacion-del-sultan-de-oman-con-motivo-de-eid-al-adha","status":"publish","type":"post","link":"https:\/\/archive.sana.sy\/es\/?p=355474","title":{"rendered":"Presidente Al-Shara recibe una felicitaci\u00f3n del Sult\u00e1n de Om\u00e1n con motivo de Eid Al-Adha"},"content":{"rendered":"<p style=\"text-align: justify;\"><span style=\"color: #800000;\"><strong>Damasco, 6 jun (SANA)\u00a0<\/strong><\/span> El presidente Ahmed Al-Shara, recibi\u00f3 un mensaje de felicitaci\u00f3n del Sult\u00e1n Haitham bin Tariq, Sult\u00e1n del Sultanato de Om\u00e1n, con motivo del Eid Al-Adha.<\/p>\n<p style=\"text-align: justify;\">En su misiva, el Sult\u00e1n Haitham expres\u00f3 sus mejores deseos y sinceras felicitaciones.<\/p>\n<p style=\"text-align: justify;\">Tambi\u00e9n dese\u00f3 al pueblo sirio una vida pr\u00f3spera y digna, y que las naciones \u00e1rabes e isl\u00e1micas disfruten de una estabilidad duradera y una creciente prosperidad.<\/p>\n","protected":false},"excerpt":{"rendered":"<p>Damasco, 6 jun (SANA)\u00a0 El presidente Ahmed Al-Shara, recibi\u00f3 un mensaje de felicitaci\u00f3n del Sult\u00e1n Haitham bin Tariq, Sult\u00e1n del Sultanato de Om\u00e1n, con motivo del Eid Al-Adha. En su misiva, el Sult\u00e1n Haitham expres\u00f3 sus mejores deseos y sinceras felicitaciones. Tambi\u00e9n dese\u00f3 al pueblo sirio una vida pr\u00f3spera y digna, y que las naciones &hellip;<\/p>\n","protected":false},"author":31,"featured_media":355475,"comment_status":"closed","ping_status":"closed","sticky":false,"template":"","format":"standard","meta":{"footnotes":""},"categories":[597,476,16237,583],"tags":[],"class_list":["post-355474","post","type-post","status-publish","format-standard","has-post-thumbnail","","category-cinta-de-noticias","category-locales","category-presidence-de-la-republique-arabe-syria","category-slide"],"_links":{"self":[{"href":"https:\/\/archive.sana.sy\/es\/index.php?rest_route=\/wp\/v2\/posts\/355474"}],"collection":[{"href":"https:\/\/archive.sana.sy\/es\/index.php?rest_route=\/wp\/v2\/posts"}],"about":[{"href":"https:\/\/archive.sana.sy\/es\/index.php?rest_route=\/wp\/v2\/types\/post"}],"author":[{"embeddable":true,"href":"https:\/\/archive.sana.sy\/es\/index.php?rest_route=\/wp\/v2\/users\/31"}],"replies":[{"embeddable":true,"href":"https:\/\/archive.sana.sy\/es\/index.php?rest_route=%2Fwp%2Fv2%2Fcomments&post=355474"}],"version-history":[{"count":1,"href":"https:\/\/archive.sana.sy\/es\/index.php?rest_route=\/wp\/v2\/posts\/355474\/revisions"}],"predecessor-version":[{"id":355476,"href":"https:\/\/archive.sana.sy\/es\/index.php?rest_route=\/wp\/v2\/posts\/355474\/revisions\/355476"}],"wp:featuredmedia":[{"embeddable":true,"href":"https:\/\/archive.sana.sy\/es\/index.php?rest_route=\/wp\/v2\/media\/355475"}],"wp:attachment":[{"href":"https:\/\/archive.sana.sy\/es\/index.php?rest_route=%2Fwp%2Fv2%2Fmedia&parent=355474"}],"wp:term":[{"taxonomy":"category","embeddable":true,"href":"https:\/\/archive.sana.sy\/es\/index.php?rest_route=%2Fwp%2Fv2%2Fcategories&post=355474"},{"taxonomy":"post_tag","embeddable":true,"href":"https:\/\/archive.sana.sy\/es\/index.php?rest_route=%2Fwp%2Fv2%2Ftags&post=355474"}],"curies":[{"name":"wp","href":"https:\/\/api.w.org\/{rel}","templated":true}]}}