{"id":35557,"date":"2015-12-23T20:18:54","date_gmt":"2015-12-23T18:18:54","guid":{"rendered":"http:\/\/sana.sy\/es\/?p=35557"},"modified":"2023-01-09T14:09:35","modified_gmt":"2023-01-09T12:09:35","slug":"una-nina-pierde-la-vida-en-un-ataque-terrorista-contra-damasco","status":"publish","type":"post","link":"https:\/\/archive.sana.sy\/es\/?p=35557","title":{"rendered":"Una ni\u00f1a pierde la vida en un ataque terrorista contra Damasco"},"content":{"rendered":"<p style=\"text-align: justify\"><span style=\"color: #800000\">Damasco, SANA<\/span>&#8211; En un nuevo ataque perpetrado por la banda terrorista (Ejercito al-Islam), \u00a0una ni\u00f1a cay\u00f3 m\u00e1rtir y otros cuatro\u00a0\u00a0resultaron heridos por la ca\u00edda de dos proyectiles de mortero en las zonas de al-Abbasin y el suburbio de Harasta en el campo de Damasco.<\/p>\n<p style=\"text-align: justify\">De acuerdo con una fuente de polic\u00eda, un proyectil de mortero impacto en el suburbio de Hartsta causando la muerte de una ni\u00f1a y heridas a tres ni\u00f1os, menores de 10 a\u00f1os.<\/p>\n<p style=\"text-align: justify\">De igual manera, un ni\u00f1o de cuatro a\u00f1os result\u00f3 herido tras el impacto de un proyectil de mortero en la zona residencial de al-Abbasin, confirm\u00f3 la fuente.<\/p>\n<p style=\"text-align: justify\">M.Miri<\/p>\n","protected":false},"excerpt":{"rendered":"<p>Damasco, SANA&#8211; En un nuevo ataque perpetrado por la banda terrorista (Ejercito al-Islam), \u00a0una ni\u00f1a cay\u00f3 m\u00e1rtir y otros cuatro\u00a0\u00a0resultaron heridos por la ca\u00edda de dos proyectiles de mortero en las zonas de al-Abbasin y el suburbio de Harasta en el campo de Damasco. De acuerdo con una fuente de polic\u00eda, un proyectil de mortero &hellip;<\/p>\n","protected":false},"author":1,"featured_media":35558,"comment_status":"closed","ping_status":"closed","sticky":false,"template":"","format":"standard","meta":{"footnotes":""},"categories":[477,573,476,7541],"tags":[7657],"class_list":["post-35557","post","type-post","status-publish","format-standard","has-post-thumbnail","","category-noticias-edulcorantes","category-la-realidad-de-los-acontecimientos-en-siria","category-locales","category-ultimas-noticias","tag-una-nina-pierde-la-vida-en-un-ataque-terrorista-contra-damasco"],"_links":{"self":[{"href":"https:\/\/archive.sana.sy\/es\/index.php?rest_route=\/wp\/v2\/posts\/35557"}],"collection":[{"href":"https:\/\/archive.sana.sy\/es\/index.php?rest_route=\/wp\/v2\/posts"}],"about":[{"href":"https:\/\/archive.sana.sy\/es\/index.php?rest_route=\/wp\/v2\/types\/post"}],"author":[{"embeddable":true,"href":"https:\/\/archive.sana.sy\/es\/index.php?rest_route=\/wp\/v2\/users\/1"}],"replies":[{"embeddable":true,"href":"https:\/\/archive.sana.sy\/es\/index.php?rest_route=%2Fwp%2Fv2%2Fcomments&post=35557"}],"version-history":[{"count":0,"href":"https:\/\/archive.sana.sy\/es\/index.php?rest_route=\/wp\/v2\/posts\/35557\/revisions"}],"wp:featuredmedia":[{"embeddable":true,"href":"https:\/\/archive.sana.sy\/es\/index.php?rest_route=\/wp\/v2\/media\/35558"}],"wp:attachment":[{"href":"https:\/\/archive.sana.sy\/es\/index.php?rest_route=%2Fwp%2Fv2%2Fmedia&parent=35557"}],"wp:term":[{"taxonomy":"category","embeddable":true,"href":"https:\/\/archive.sana.sy\/es\/index.php?rest_route=%2Fwp%2Fv2%2Fcategories&post=35557"},{"taxonomy":"post_tag","embeddable":true,"href":"https:\/\/archive.sana.sy\/es\/index.php?rest_route=%2Fwp%2Fv2%2Ftags&post=35557"}],"curies":[{"name":"wp","href":"https:\/\/api.w.org\/{rel}","templated":true}]}}