{"id":35561,"date":"2015-12-23T21:10:09","date_gmt":"2015-12-23T19:10:09","guid":{"rendered":"http:\/\/sana.sy\/es\/?p=35561"},"modified":"2015-12-23T21:10:09","modified_gmt":"2015-12-23T19:10:09","slug":"turquia-compra-el-petroleo-sirio-robado-por-daesh-confiesa-un-miembro-del-ei","status":"publish","type":"post","link":"https:\/\/archive.sana.sy\/es\/?p=35561","title":{"rendered":"Turqu\u00eda compra el petr\u00f3leo sirio robado por Daesh, confiesa un miembro del EI"},"content":{"rendered":"<p style=\"text-align: justify\"><span style=\"color: #800000\">Ankara, SANA<\/span>&#8211; Turqu\u00eda compra el petr\u00f3leo sirio robado por Daesh, confes\u00f3 a la agencia rusa de noticia \u201cSputnik\u201d un miembro de esta organizaci\u00f3n hecho prisionero por las unidades de la Protecci\u00f3n popular en el norte de Siria, llamado Mahmud Hazi Tatar.<\/p>\n<p style=\"text-align: justify\">El terrorista Mahmud Hazi Tatar, naci\u00f3 en la provincia turca de Adiyaman, revel\u00f3 que \u201cDaesh\u201d sufr\u00eda fuertes problemas econ\u00f3micos, pero gracias a la venta del petr\u00f3leo sirio robado a Turqu\u00eda pudo superar su crisis econ\u00f3mica, se\u00f1alando que \u00e9l trabaja en un grupo formado por Turqu\u00eda llamado \u201cConstantinopla\u201d.<\/p>\n<p style=\"text-align: justify\">\u201crecib\u00ed mi entrenamiento en la provincia de Adiyaman dentro de un campamento establecido por la Administraci\u00f3n de desastres del Gabinete de Turqu\u00eda y me infiltre a la ciudad siria Yarabulus a trav\u00e9s de la ciudad turca Kilis con la ayuda de miembros de la organizaci\u00f3n\u201d a\u00f1adi\u00f3 Tatar.<\/p>\n<p style=\"text-align: justify\">El terrorista manifest\u00f3 que hab\u00eda recibido su entrenamiento militar y la ideol\u00f3gica religiosa despu\u00e9s de llegar a Siria a trav\u00e9s unos libros escritos en idioma turco, agregando que el n\u00famero de los turcos en las filas de \u201cDaesh\u201d es m\u00e1s de un millar de personas.<\/p>\n<p style=\"text-align: justify\">&#8220;En el campo de entrenamiento los comandantes nos dec\u00edan que \u201cDaesh\u201d no pretende atacar a Turqu\u00eda &#8220;, concluy\u00f3 el terrorista \u00a0detenido.<\/p>\n<p style=\"text-align: justify\">M.Miri<\/p>\n","protected":false},"excerpt":{"rendered":"<p>Ankara, SANA&#8211; Turqu\u00eda compra el petr\u00f3leo sirio robado por Daesh, confes\u00f3 a la agencia rusa de noticia \u201cSputnik\u201d un miembro de esta organizaci\u00f3n hecho prisionero por las unidades de la Protecci\u00f3n popular en el norte de Siria, llamado Mahmud Hazi Tatar. El terrorista Mahmud Hazi Tatar, naci\u00f3 en la provincia turca de Adiyaman, revel\u00f3 que &hellip;<\/p>\n","protected":false},"author":1,"featured_media":35562,"comment_status":"closed","ping_status":"closed","sticky":false,"template":"","format":"standard","meta":{"footnotes":""},"categories":[467,7541],"tags":[7660,7659,7658],"class_list":["post-35561","post","type-post","status-publish","format-standard","has-post-thumbnail","","category-siria-y-el-mundo","category-ultimas-noticias","tag-confiesa-un-miembro-del-ei","tag-confisca-un-miembro-del-ei","tag-turquia-compra-el-petroleo-sirio-robado-por-daesh"],"_links":{"self":[{"href":"https:\/\/archive.sana.sy\/es\/index.php?rest_route=\/wp\/v2\/posts\/35561"}],"collection":[{"href":"https:\/\/archive.sana.sy\/es\/index.php?rest_route=\/wp\/v2\/posts"}],"about":[{"href":"https:\/\/archive.sana.sy\/es\/index.php?rest_route=\/wp\/v2\/types\/post"}],"author":[{"embeddable":true,"href":"https:\/\/archive.sana.sy\/es\/index.php?rest_route=\/wp\/v2\/users\/1"}],"replies":[{"embeddable":true,"href":"https:\/\/archive.sana.sy\/es\/index.php?rest_route=%2Fwp%2Fv2%2Fcomments&post=35561"}],"version-history":[{"count":0,"href":"https:\/\/archive.sana.sy\/es\/index.php?rest_route=\/wp\/v2\/posts\/35561\/revisions"}],"wp:featuredmedia":[{"embeddable":true,"href":"https:\/\/archive.sana.sy\/es\/index.php?rest_route=\/wp\/v2\/media\/35562"}],"wp:attachment":[{"href":"https:\/\/archive.sana.sy\/es\/index.php?rest_route=%2Fwp%2Fv2%2Fmedia&parent=35561"}],"wp:term":[{"taxonomy":"category","embeddable":true,"href":"https:\/\/archive.sana.sy\/es\/index.php?rest_route=%2Fwp%2Fv2%2Fcategories&post=35561"},{"taxonomy":"post_tag","embeddable":true,"href":"https:\/\/archive.sana.sy\/es\/index.php?rest_route=%2Fwp%2Fv2%2Ftags&post=35561"}],"curies":[{"name":"wp","href":"https:\/\/api.w.org\/{rel}","templated":true}]}}