{"id":355652,"date":"2025-06-08T15:59:55","date_gmt":"2025-06-08T12:59:55","guid":{"rendered":"https:\/\/sana.sy\/es\/?p=355652"},"modified":"2025-06-08T15:59:55","modified_gmt":"2025-06-08T12:59:55","slug":"la-portavoz-de-la-cancilleria-alemania-reafirma-el-continuo-compromiso-de-seguir-apoyando-al-pueblo-sirio","status":"publish","type":"post","link":"https:\/\/archive.sana.sy\/es\/?p=355652","title":{"rendered":"La portavoz de la Canciller\u00eda alemania reafirma el continuo compromiso de seguir apoyando al pueblo sirio"},"content":{"rendered":"<p style=\"text-align: justify;\"><span style=\"color: #800000;\"><strong>Berl\u00edn, 8 jun (SANA)<\/strong> <\/span>La portavoz del Ministerio de Asuntos Exteriores de Alemania, Annika Clasen Idris, afirm\u00f3 el compromiso de su pa\u00eds de seguir brindando apoyo al pueblo sirio.<\/p>\n<p style=\"text-align: justify;\">Idris declar\u00f3 en su cuenta personal de la plataforma X: \u00abLa libertad significa la capacidad de construir una vida con dignidad y seguridad\u00bb.<\/p>\n<p style=\"text-align: justify;\">Se\u00f1al\u00f3 que el pueblo sirio est\u00e1 reconstruyendo su libertad paso a paso.<\/p>\n","protected":false},"excerpt":{"rendered":"<p>Berl\u00edn, 8 jun (SANA) La portavoz del Ministerio de Asuntos Exteriores de Alemania, Annika Clasen Idris, afirm\u00f3 el compromiso de su pa\u00eds de seguir brindando apoyo al pueblo sirio. Idris declar\u00f3 en su cuenta personal de la plataforma X: \u00abLa libertad significa la capacidad de construir una vida con dignidad y seguridad\u00bb. Se\u00f1al\u00f3 que el &hellip;<\/p>\n","protected":false},"author":42,"featured_media":355653,"comment_status":"closed","ping_status":"closed","sticky":false,"template":"","format":"standard","meta":{"footnotes":""},"categories":[597,20724,467,7541],"tags":[],"class_list":["post-355652","post","type-post","status-publish","format-standard","has-post-thumbnail","","category-cinta-de-noticias","category-minuto-a-minuto","category-siria-y-el-mundo","category-ultimas-noticias"],"_links":{"self":[{"href":"https:\/\/archive.sana.sy\/es\/index.php?rest_route=\/wp\/v2\/posts\/355652"}],"collection":[{"href":"https:\/\/archive.sana.sy\/es\/index.php?rest_route=\/wp\/v2\/posts"}],"about":[{"href":"https:\/\/archive.sana.sy\/es\/index.php?rest_route=\/wp\/v2\/types\/post"}],"author":[{"embeddable":true,"href":"https:\/\/archive.sana.sy\/es\/index.php?rest_route=\/wp\/v2\/users\/42"}],"replies":[{"embeddable":true,"href":"https:\/\/archive.sana.sy\/es\/index.php?rest_route=%2Fwp%2Fv2%2Fcomments&post=355652"}],"version-history":[{"count":1,"href":"https:\/\/archive.sana.sy\/es\/index.php?rest_route=\/wp\/v2\/posts\/355652\/revisions"}],"predecessor-version":[{"id":355654,"href":"https:\/\/archive.sana.sy\/es\/index.php?rest_route=\/wp\/v2\/posts\/355652\/revisions\/355654"}],"wp:featuredmedia":[{"embeddable":true,"href":"https:\/\/archive.sana.sy\/es\/index.php?rest_route=\/wp\/v2\/media\/355653"}],"wp:attachment":[{"href":"https:\/\/archive.sana.sy\/es\/index.php?rest_route=%2Fwp%2Fv2%2Fmedia&parent=355652"}],"wp:term":[{"taxonomy":"category","embeddable":true,"href":"https:\/\/archive.sana.sy\/es\/index.php?rest_route=%2Fwp%2Fv2%2Fcategories&post=355652"},{"taxonomy":"post_tag","embeddable":true,"href":"https:\/\/archive.sana.sy\/es\/index.php?rest_route=%2Fwp%2Fv2%2Ftags&post=355652"}],"curies":[{"name":"wp","href":"https:\/\/api.w.org\/{rel}","templated":true}]}}