{"id":35571,"date":"2015-12-24T13:25:24","date_gmt":"2015-12-24T11:25:24","guid":{"rendered":"http:\/\/sana.sy\/es\/?p=35571"},"modified":"2015-12-24T15:01:20","modified_gmt":"2015-12-24T13:01:20","slug":"moallem-siria-esta-dispuesta-a-participar-en-el-dialogo-intersirio-en-ginebra","status":"publish","type":"post","link":"https:\/\/archive.sana.sy\/es\/?p=35571","title":{"rendered":"Moallem se re\u00fane con su hom\u00f3logo chino y afirma disposici\u00f3n de Damasco a participar en el di\u00e1logo intersirio en Ginebra"},"content":{"rendered":"<p><span style=\"color: #800000\">Pek\u00edn, SANA<\/span><\/p>\n<p>El ministro de Exteriores y Expatriados, Walid Al Moallem se reuni\u00f3 este jueves con su hom\u00f3logo chino, Wang Yi, en la capital Pek\u00edn.<\/p>\n<p>Durante la reuni\u00f3n, el canciller sirio anunci\u00f3 que Damasco est\u00e1 dispuesto a participar en un di\u00e1logo intersirio en Ginebra sin ninguna injerencia externa.<\/p>\n<p>En una comparecencia conjunta con su hom\u00f3logo chino, Al Moallem esper\u00f3 que las conversaciones de paz en Ginebra tengan \u00e9xito en la formaci\u00f3n de un gobierno de unidad nacional.<\/p>\n<p>Sobre la delegaci\u00f3n siria que participar\u00e1n en las conversaciones de Ginebra, el jefe de la diplomacia siria destac\u00f3 que la delegaci\u00f3n del gobierno sirio estar\u00e1 lista tan pronto como reciba la lista de la delegaci\u00f3n de la oposici\u00f3n.<\/p>\n<p>El titular sirio de Exteriores confi\u00f3 en que las conversaciones de Ginebra sean &#8220;exitosas&#8221; y permitan crear un gobierno de transici\u00f3n, que tendr\u00eda que formar un comit\u00e9 para formular una nueva constituci\u00f3n y convocar elecciones en un plazo de 18 meses &#8220;m\u00e1s o menos&#8221;.<\/p>\n<p>A\u00f1adi\u00f3 que &#8220;despu\u00e9s de la resoluci\u00f3n del Consejo de Seguridad, es un deber para todos los pa\u00edses cumplimentar esa resoluci\u00f3n acordado el pasado viernes en la ONU.<\/p>\n<p>Moallem se\u00f1al\u00f3 tambi\u00e9n la necesidad de acabar con el terrorismo para que una soluci\u00f3n pol\u00edtica tenga \u00e9xito.<\/p>\n<p>Apunt\u00f3 asimismo, que &#8220;el pueblo sirio es el \u00fanico con derecho a decidir su futuro&#8221;.<\/p>\n<p><span style=\"color: #0000ff\">China expresa apoyo a Damasco en la lucha contra el terrorismo<\/span><\/p>\n<p>El ministro de Exteriores de China, Wang Yi, expres\u00f3 el apoyo de su pa\u00eds a los esfuerzos del Gobierno de Siria en la lucha contra el terrorismo y llam\u00f3 a respetarlos.<\/p>\n<p>El canciller chino subray\u00f3 que \u201cel futuro de Siria, el futuro de su sistema pol\u00edtico y el destino de sus l\u00edderes debe ser decidido por el pueblo sirio&#8221;.<\/p>\n<p>Wang anunci\u00f3 asimismo que Pek\u00edn conceder\u00e1 a Damasco ayuda humanitaria adicional por 6.1 millones de d\u00f3lares.<\/p>\n<p>Fady M., Hala B.<\/p>\n<p>&nbsp;<\/p>\n<p><span style=\"color: #3366ff\">Fady M., Hala B.<\/span><\/p>\n","protected":false},"excerpt":{"rendered":"<p>Pek\u00edn, SANA El ministro de Exteriores y Expatriados, Walid Al Moallem se reuni\u00f3 este jueves con su hom\u00f3logo chino, Wang Yi, en la capital Pek\u00edn. Durante la reuni\u00f3n, el canciller sirio anunci\u00f3 que Damasco est\u00e1 dispuesto a participar en un di\u00e1logo intersirio en Ginebra sin ninguna injerencia externa. En una comparecencia conjunta con su hom\u00f3logo &hellip;<\/p>\n","protected":false},"author":1,"featured_media":35572,"comment_status":"closed","ping_status":"closed","sticky":false,"template":"","format":"standard","meta":{"footnotes":""},"categories":[456,457,576,583,7541],"tags":[7662],"class_list":["post-35571","post","type-post","status-publish","format-standard","has-post-thumbnail","","category-arabe-internacional-politica","category-noticias-arabe-internacional-politica","category-noticias-politicas","category-slide","category-ultimas-noticias","tag-moallem-siria-esta-dispuesta-a-participar-en-el-dialogo-intersirio-en-ginebra"],"_links":{"self":[{"href":"https:\/\/archive.sana.sy\/es\/index.php?rest_route=\/wp\/v2\/posts\/35571"}],"collection":[{"href":"https:\/\/archive.sana.sy\/es\/index.php?rest_route=\/wp\/v2\/posts"}],"about":[{"href":"https:\/\/archive.sana.sy\/es\/index.php?rest_route=\/wp\/v2\/types\/post"}],"author":[{"embeddable":true,"href":"https:\/\/archive.sana.sy\/es\/index.php?rest_route=\/wp\/v2\/users\/1"}],"replies":[{"embeddable":true,"href":"https:\/\/archive.sana.sy\/es\/index.php?rest_route=%2Fwp%2Fv2%2Fcomments&post=35571"}],"version-history":[{"count":0,"href":"https:\/\/archive.sana.sy\/es\/index.php?rest_route=\/wp\/v2\/posts\/35571\/revisions"}],"wp:featuredmedia":[{"embeddable":true,"href":"https:\/\/archive.sana.sy\/es\/index.php?rest_route=\/wp\/v2\/media\/35572"}],"wp:attachment":[{"href":"https:\/\/archive.sana.sy\/es\/index.php?rest_route=%2Fwp%2Fv2%2Fmedia&parent=35571"}],"wp:term":[{"taxonomy":"category","embeddable":true,"href":"https:\/\/archive.sana.sy\/es\/index.php?rest_route=%2Fwp%2Fv2%2Fcategories&post=35571"},{"taxonomy":"post_tag","embeddable":true,"href":"https:\/\/archive.sana.sy\/es\/index.php?rest_route=%2Fwp%2Fv2%2Ftags&post=35571"}],"curies":[{"name":"wp","href":"https:\/\/api.w.org\/{rel}","templated":true}]}}