{"id":35575,"date":"2015-12-24T13:17:48","date_gmt":"2015-12-24T11:17:48","guid":{"rendered":"http:\/\/sana.sy\/es\/?p=35575"},"modified":"2015-12-24T13:30:11","modified_gmt":"2015-12-24T11:30:11","slug":"francia-y-rusia-acuerdan-coordinar-los-ataques-contra-el-ei-en-siria","status":"publish","type":"post","link":"https:\/\/archive.sana.sy\/es\/?p=35575","title":{"rendered":"Francia y Rusia acuerdan coordinar los ataques contra el EI en Siria"},"content":{"rendered":"<p><span style=\"color: #800000\">Mosc\u00fa, SANA<\/span><\/p>\n<p>El Ministerio de Defensa de Rusia declar\u00f3 este jueves que Turqu\u00eda participa en el saqueo de los recursos naturales en Siria y los ingresos que percibe sirven para financiar a los terroristas.<\/p>\n<p>Esta informaci\u00f3n fue abordada en un encuentro entre el jefe del Estado Mayor General ruso, Valeri Guer\u00e1simov, y su hom\u00f3logo franc\u00e9s Pierre de Villiers.<\/p>\n<p>Un comunicado del Ministerio ruso inform\u00f3 que Guer\u00e1simov present\u00f3 informaci\u00f3n sobre el saqueo continuo de recursos naturales de Siria cuyos ingresos se dirigen a la financiaci\u00f3n del EI y sobre el papel de Turqu\u00eda en este proceso&#8221;.<\/p>\n<p>A la vez, el militar ruso inform\u00f3 de que Turqu\u00eda env\u00eda a sus combatientes al norte de Siria para que engrosen las filas de los terroristas.<\/p>\n<p>Los entes militares de Francia y Rusia acordaron establecer un intercambio de informaci\u00f3n operativa para coordinar con m\u00e1s eficacia los ataques contra la infraestructura del EI en el territorio sirio.<\/p>\n<p><span style=\"color: #00ccff\">Fady M., Hala B.<\/span><\/p>\n","protected":false},"excerpt":{"rendered":"<p>Mosc\u00fa, SANA El Ministerio de Defensa de Rusia declar\u00f3 este jueves que Turqu\u00eda participa en el saqueo de los recursos naturales en Siria y los ingresos que percibe sirven para financiar a los terroristas. Esta informaci\u00f3n fue abordada en un encuentro entre el jefe del Estado Mayor General ruso, Valeri Guer\u00e1simov, y su hom\u00f3logo franc\u00e9s &hellip;<\/p>\n","protected":false},"author":1,"featured_media":35576,"comment_status":"closed","ping_status":"closed","sticky":false,"template":"","format":"standard","meta":{"footnotes":""},"categories":[597,456,457,576,7541],"tags":[7663],"class_list":["post-35575","post","type-post","status-publish","format-standard","has-post-thumbnail","","category-cinta-de-noticias","category-arabe-internacional-politica","category-noticias-arabe-internacional-politica","category-noticias-politicas","category-ultimas-noticias","tag-francia-y-rusia-acuerdan-coordinar-los-ataques-contra-el-ei-en-siria"],"_links":{"self":[{"href":"https:\/\/archive.sana.sy\/es\/index.php?rest_route=\/wp\/v2\/posts\/35575"}],"collection":[{"href":"https:\/\/archive.sana.sy\/es\/index.php?rest_route=\/wp\/v2\/posts"}],"about":[{"href":"https:\/\/archive.sana.sy\/es\/index.php?rest_route=\/wp\/v2\/types\/post"}],"author":[{"embeddable":true,"href":"https:\/\/archive.sana.sy\/es\/index.php?rest_route=\/wp\/v2\/users\/1"}],"replies":[{"embeddable":true,"href":"https:\/\/archive.sana.sy\/es\/index.php?rest_route=%2Fwp%2Fv2%2Fcomments&post=35575"}],"version-history":[{"count":0,"href":"https:\/\/archive.sana.sy\/es\/index.php?rest_route=\/wp\/v2\/posts\/35575\/revisions"}],"wp:featuredmedia":[{"embeddable":true,"href":"https:\/\/archive.sana.sy\/es\/index.php?rest_route=\/wp\/v2\/media\/35576"}],"wp:attachment":[{"href":"https:\/\/archive.sana.sy\/es\/index.php?rest_route=%2Fwp%2Fv2%2Fmedia&parent=35575"}],"wp:term":[{"taxonomy":"category","embeddable":true,"href":"https:\/\/archive.sana.sy\/es\/index.php?rest_route=%2Fwp%2Fv2%2Fcategories&post=35575"},{"taxonomy":"post_tag","embeddable":true,"href":"https:\/\/archive.sana.sy\/es\/index.php?rest_route=%2Fwp%2Fv2%2Ftags&post=35575"}],"curies":[{"name":"wp","href":"https:\/\/api.w.org\/{rel}","templated":true}]}}