{"id":35578,"date":"2015-12-24T13:32:34","date_gmt":"2015-12-24T11:32:34","guid":{"rendered":"http:\/\/sana.sy\/es\/?p=35578"},"modified":"2015-12-24T13:32:34","modified_gmt":"2015-12-24T11:32:34","slug":"bogdanov-rusia-no-detendra-sus-ataques-contra-el-ei-en-siria","status":"publish","type":"post","link":"https:\/\/archive.sana.sy\/es\/?p=35578","title":{"rendered":"Bogdanov: Rusia no detendr\u00e1 sus ataques contra el EI en Siria"},"content":{"rendered":"<p><span style=\"color: #800000\">Mosc\u00fa, SANA<\/span><\/p>\n<p>El Representante Especial del Presidente de Rusia para Medio Oriente y \u00c1frica, el vicecanciller Mija\u00edl Bogd\u00e1nov, destac\u00f3 que \u201cun alto el fuego en Siria no dar\u00e1 lugar a la terminaci\u00f3n de la operaci\u00f3n militar de las fuerzas a\u00e9reas rusas contra la organizaci\u00f3n terrorista del Estado Isl\u00e1mico en Siria.&#8221;<\/p>\n<p>En respuesta a una pregunta de los periodistas este jueves en Mosc\u00fa, Bogdanov dijo &#8220;que el alto el fuego entre las partes sirias aumentar\u00e1 la eficacia de la lucha contra el EI y otras organizaciones terroristas.<\/p>\n<p>El Consejo de Seguridad de la ONU adopt\u00f3 la Resoluci\u00f3n No. 2254 que llama para la puesta en marcha de un proceso pol\u00edtico para resolver la crisis en Siria a trav\u00e9s de negociaciones entre las delegaciones del gobierno sirio y la oposici\u00f3n a principios de enero 2016.<\/p>\n<p><span style=\"color: #00ccff\">Fady M., Hala B.<\/span><\/p>\n","protected":false},"excerpt":{"rendered":"<p>Mosc\u00fa, SANA El Representante Especial del Presidente de Rusia para Medio Oriente y \u00c1frica, el vicecanciller Mija\u00edl Bogd\u00e1nov, destac\u00f3 que \u201cun alto el fuego en Siria no dar\u00e1 lugar a la terminaci\u00f3n de la operaci\u00f3n militar de las fuerzas a\u00e9reas rusas contra la organizaci\u00f3n terrorista del Estado Isl\u00e1mico en Siria.&#8221; En respuesta a una pregunta &hellip;<\/p>\n","protected":false},"author":1,"featured_media":35579,"comment_status":"closed","ping_status":"closed","sticky":false,"template":"","format":"standard","meta":{"footnotes":""},"categories":[456,457,576],"tags":[7664],"class_list":["post-35578","post","type-post","status-publish","format-standard","has-post-thumbnail","","category-arabe-internacional-politica","category-noticias-arabe-internacional-politica","category-noticias-politicas","tag-bogdanov-rusia-no-detendra-sus-ataques-contra-el-ei-en-siria"],"_links":{"self":[{"href":"https:\/\/archive.sana.sy\/es\/index.php?rest_route=\/wp\/v2\/posts\/35578"}],"collection":[{"href":"https:\/\/archive.sana.sy\/es\/index.php?rest_route=\/wp\/v2\/posts"}],"about":[{"href":"https:\/\/archive.sana.sy\/es\/index.php?rest_route=\/wp\/v2\/types\/post"}],"author":[{"embeddable":true,"href":"https:\/\/archive.sana.sy\/es\/index.php?rest_route=\/wp\/v2\/users\/1"}],"replies":[{"embeddable":true,"href":"https:\/\/archive.sana.sy\/es\/index.php?rest_route=%2Fwp%2Fv2%2Fcomments&post=35578"}],"version-history":[{"count":0,"href":"https:\/\/archive.sana.sy\/es\/index.php?rest_route=\/wp\/v2\/posts\/35578\/revisions"}],"wp:featuredmedia":[{"embeddable":true,"href":"https:\/\/archive.sana.sy\/es\/index.php?rest_route=\/wp\/v2\/media\/35579"}],"wp:attachment":[{"href":"https:\/\/archive.sana.sy\/es\/index.php?rest_route=%2Fwp%2Fv2%2Fmedia&parent=35578"}],"wp:term":[{"taxonomy":"category","embeddable":true,"href":"https:\/\/archive.sana.sy\/es\/index.php?rest_route=%2Fwp%2Fv2%2Fcategories&post=35578"},{"taxonomy":"post_tag","embeddable":true,"href":"https:\/\/archive.sana.sy\/es\/index.php?rest_route=%2Fwp%2Fv2%2Ftags&post=35578"}],"curies":[{"name":"wp","href":"https:\/\/api.w.org\/{rel}","templated":true}]}}