{"id":355866,"date":"2025-06-11T18:59:27","date_gmt":"2025-06-11T15:59:27","guid":{"rendered":"https:\/\/sana.sy\/es\/?p=355866"},"modified":"2025-06-11T19:32:23","modified_gmt":"2025-06-11T16:32:23","slug":"canciller-sirio-se-reune-con-el-vicecanciller-de-indonesia-en-oslo","status":"publish","type":"post","link":"https:\/\/archive.sana.sy\/es\/?p=355866","title":{"rendered":"Canciller sirio se re\u00fane con el Vicecanciller de Indonesia en Oslo"},"content":{"rendered":"<p style=\"text-align: justify\"><span style=\"color: #800000\"><strong>Oslo, 11 jun (SANA)<\/strong><\/span> El ministro de Asuntos Exteriores y Expatriados, Asaad Al-Shaibani, se reuni\u00f3 con el Viceministro de Asuntos Exteriores de Indonesia, Muhammad Anis Matta, al margen del Foro de Paz de Oslo.<\/p>\n<p style=\"text-align: justify\">Durante la reuni\u00f3n, ambas partes abordaron formas de fortalecer las relaciones bilaterales, as\u00ed como intercambiaron opiniones sobre los \u00faltimos acontecimientos a nivel regional e internacional. Tambi\u00e9n destacaron la importancia del di\u00e1logo y la coordinaci\u00f3n en temas de inter\u00e9s com\u00fan.<\/p>\n<p><img loading=\"lazy\" decoding=\"async\" class=\"alignnone size-large wp-image-355867 aligncenter\" src=\"http:\/\/sana.sy\/es\/wp-content\/uploads\/2025\/06\/Al-Shaibani-viceministro-de-Indonesia-1024x575.jpg\" alt=\"\" width=\"618\" height=\"347\" srcset=\"https:\/\/archive.sana.sy\/es\/wp-content\/uploads\/2025\/06\/Al-Shaibani-viceministro-de-Indonesia-1024x575.jpg 1024w, https:\/\/archive.sana.sy\/es\/wp-content\/uploads\/2025\/06\/Al-Shaibani-viceministro-de-Indonesia-300x168.jpg 300w, https:\/\/archive.sana.sy\/es\/wp-content\/uploads\/2025\/06\/Al-Shaibani-viceministro-de-Indonesia-150x84.jpg 150w, https:\/\/archive.sana.sy\/es\/wp-content\/uploads\/2025\/06\/Al-Shaibani-viceministro-de-Indonesia-768x431.jpg 768w, https:\/\/archive.sana.sy\/es\/wp-content\/uploads\/2025\/06\/Al-Shaibani-viceministro-de-Indonesia-1536x862.jpg 1536w, https:\/\/archive.sana.sy\/es\/wp-content\/uploads\/2025\/06\/Al-Shaibani-viceministro-de-Indonesia-2048x1150.jpg 2048w\" sizes=\"(max-width: 618px) 100vw, 618px\" \/><\/p>\n","protected":false},"excerpt":{"rendered":"<p>Oslo, 11 jun (SANA) El ministro de Asuntos Exteriores y Expatriados, Asaad Al-Shaibani, se reuni\u00f3 con el Viceministro de Asuntos Exteriores de Indonesia, Muhammad Anis Matta, al margen del Foro de Paz de Oslo. Durante la reuni\u00f3n, ambas partes abordaron formas de fortalecer las relaciones bilaterales, as\u00ed como intercambiaron opiniones sobre los \u00faltimos acontecimientos a &hellip;<\/p>\n","protected":false},"author":24,"featured_media":355868,"comment_status":"closed","ping_status":"closed","sticky":false,"template":"","format":"standard","meta":{"footnotes":""},"categories":[597,20724,467,583],"tags":[],"class_list":["post-355866","post","type-post","status-publish","format-standard","has-post-thumbnail","","category-cinta-de-noticias","category-minuto-a-minuto","category-siria-y-el-mundo","category-slide"],"_links":{"self":[{"href":"https:\/\/archive.sana.sy\/es\/index.php?rest_route=\/wp\/v2\/posts\/355866"}],"collection":[{"href":"https:\/\/archive.sana.sy\/es\/index.php?rest_route=\/wp\/v2\/posts"}],"about":[{"href":"https:\/\/archive.sana.sy\/es\/index.php?rest_route=\/wp\/v2\/types\/post"}],"author":[{"embeddable":true,"href":"https:\/\/archive.sana.sy\/es\/index.php?rest_route=\/wp\/v2\/users\/24"}],"replies":[{"embeddable":true,"href":"https:\/\/archive.sana.sy\/es\/index.php?rest_route=%2Fwp%2Fv2%2Fcomments&post=355866"}],"version-history":[{"count":1,"href":"https:\/\/archive.sana.sy\/es\/index.php?rest_route=\/wp\/v2\/posts\/355866\/revisions"}],"predecessor-version":[{"id":355869,"href":"https:\/\/archive.sana.sy\/es\/index.php?rest_route=\/wp\/v2\/posts\/355866\/revisions\/355869"}],"wp:featuredmedia":[{"embeddable":true,"href":"https:\/\/archive.sana.sy\/es\/index.php?rest_route=\/wp\/v2\/media\/355868"}],"wp:attachment":[{"href":"https:\/\/archive.sana.sy\/es\/index.php?rest_route=%2Fwp%2Fv2%2Fmedia&parent=355866"}],"wp:term":[{"taxonomy":"category","embeddable":true,"href":"https:\/\/archive.sana.sy\/es\/index.php?rest_route=%2Fwp%2Fv2%2Fcategories&post=355866"},{"taxonomy":"post_tag","embeddable":true,"href":"https:\/\/archive.sana.sy\/es\/index.php?rest_route=%2Fwp%2Fv2%2Ftags&post=355866"}],"curies":[{"name":"wp","href":"https:\/\/api.w.org\/{rel}","templated":true}]}}