{"id":35587,"date":"2015-12-24T14:26:07","date_gmt":"2015-12-24T12:26:07","guid":{"rendered":"http:\/\/sana.sy\/es\/?p=35587"},"modified":"2015-12-24T14:26:07","modified_gmt":"2015-12-24T12:26:07","slug":"detenidos-tres-sirios-en-libano-por-pertenecer-a-organizaciones-terroristas","status":"publish","type":"post","link":"https:\/\/archive.sana.sy\/es\/?p=35587","title":{"rendered":"Detenidos tres sirios en L\u00edbano por pertenecer a organizaciones terroristas"},"content":{"rendered":"<p><span style=\"color: #800000\">Beirut, SANA<\/span><\/p>\n<p>La Seguridad General libanesa arrest\u00f3 a cuatro terroristas libaneses que forman un grupo que opera para la organizaci\u00f3n terrorista del Estado Isl\u00e1mico.<\/p>\n<p>De acuerdo a un comunicado emitido por el Comando de Seguridad General, &#8220;los cuatro terroristas hab\u00edan confesado componer un grupo terrorista y llevar a cabo actividades de reclutamiento a favor de la organizaci\u00f3n terrorista del EI.<\/p>\n<p>El ej\u00e9rcito liban\u00e9s arrest\u00f3 durante redadas en los campamentos de desplazados sirios a 200 personas por no poseer documentos de identidad adecuados y entrar en el pa\u00eds clandestinamente, y algunos de ellos son sospechosos de pertenecer a organizaciones terroristas.<\/p>\n<p>Fady M., Hala B.<\/p>\n","protected":false},"excerpt":{"rendered":"<p>Beirut, SANA La Seguridad General libanesa arrest\u00f3 a cuatro terroristas libaneses que forman un grupo que opera para la organizaci\u00f3n terrorista del Estado Isl\u00e1mico. De acuerdo a un comunicado emitido por el Comando de Seguridad General, &#8220;los cuatro terroristas hab\u00edan confesado componer un grupo terrorista y llevar a cabo actividades de reclutamiento a favor de &hellip;<\/p>\n","protected":false},"author":1,"featured_media":35588,"comment_status":"closed","ping_status":"closed","sticky":false,"template":"","format":"standard","meta":{"footnotes":""},"categories":[456,457],"tags":[],"class_list":["post-35587","post","type-post","status-publish","format-standard","has-post-thumbnail","","category-arabe-internacional-politica","category-noticias-arabe-internacional-politica"],"_links":{"self":[{"href":"https:\/\/archive.sana.sy\/es\/index.php?rest_route=\/wp\/v2\/posts\/35587"}],"collection":[{"href":"https:\/\/archive.sana.sy\/es\/index.php?rest_route=\/wp\/v2\/posts"}],"about":[{"href":"https:\/\/archive.sana.sy\/es\/index.php?rest_route=\/wp\/v2\/types\/post"}],"author":[{"embeddable":true,"href":"https:\/\/archive.sana.sy\/es\/index.php?rest_route=\/wp\/v2\/users\/1"}],"replies":[{"embeddable":true,"href":"https:\/\/archive.sana.sy\/es\/index.php?rest_route=%2Fwp%2Fv2%2Fcomments&post=35587"}],"version-history":[{"count":0,"href":"https:\/\/archive.sana.sy\/es\/index.php?rest_route=\/wp\/v2\/posts\/35587\/revisions"}],"wp:featuredmedia":[{"embeddable":true,"href":"https:\/\/archive.sana.sy\/es\/index.php?rest_route=\/wp\/v2\/media\/35588"}],"wp:attachment":[{"href":"https:\/\/archive.sana.sy\/es\/index.php?rest_route=%2Fwp%2Fv2%2Fmedia&parent=35587"}],"wp:term":[{"taxonomy":"category","embeddable":true,"href":"https:\/\/archive.sana.sy\/es\/index.php?rest_route=%2Fwp%2Fv2%2Fcategories&post=35587"},{"taxonomy":"post_tag","embeddable":true,"href":"https:\/\/archive.sana.sy\/es\/index.php?rest_route=%2Fwp%2Fv2%2Ftags&post=35587"}],"curies":[{"name":"wp","href":"https:\/\/api.w.org\/{rel}","templated":true}]}}