{"id":355870,"date":"2025-06-11T19:27:12","date_gmt":"2025-06-11T16:27:12","guid":{"rendered":"https:\/\/sana.sy\/es\/?p=355870"},"modified":"2025-06-11T19:32:48","modified_gmt":"2025-06-11T16:32:48","slug":"conversaciones-sirio-noruegas-sobre-vias-de-apoyar-los-esfuerzos-de-paz","status":"publish","type":"post","link":"https:\/\/archive.sana.sy\/es\/?p=355870","title":{"rendered":"Conversaciones sirio-noruegas sobre v\u00edas de apoyar los esfuerzos de paz"},"content":{"rendered":"<p style=\"text-align: justify\"><span style=\"color: #800000\"><strong>Oslo, 11 jun (SANA)<\/strong> <\/span>El ministro de Asuntos Exteriores y Expatriados, Asaad Al-Shaibani, abord\u00f3 con el ministro de Desarrollo Internacional de Noruega, \u00c5smund Gr\u00f8ver Aukrust las v\u00edas de fortalecer la cooperaci\u00f3n bilateral y de apoyar los esfuerzos de paz en la regi\u00f3n.<\/p>\n<p style=\"text-align: justify\">El encuentro se celebr\u00f3 al margen del Foro de Paz de Oslo.<\/p>\n<p style=\"text-align: justify\">Durante la reuni\u00f3n, ambas partes destacaron la importancia de continuar las alianzas internacionales para lograr la estabilidad y el desarrollo sostenible.<\/p>\n<p><img loading=\"lazy\" decoding=\"async\" class=\"size-large wp-image-355872 aligncenter\" src=\"http:\/\/sana.sy\/es\/wp-content\/uploads\/2025\/06\/Shaibani-con-ministro-de-Noruega-1-1024x575.jpg\" alt=\"\" width=\"618\" height=\"347\" srcset=\"https:\/\/archive.sana.sy\/es\/wp-content\/uploads\/2025\/06\/Shaibani-con-ministro-de-Noruega-1-1024x575.jpg 1024w, https:\/\/archive.sana.sy\/es\/wp-content\/uploads\/2025\/06\/Shaibani-con-ministro-de-Noruega-1-300x168.jpg 300w, https:\/\/archive.sana.sy\/es\/wp-content\/uploads\/2025\/06\/Shaibani-con-ministro-de-Noruega-1-150x84.jpg 150w, https:\/\/archive.sana.sy\/es\/wp-content\/uploads\/2025\/06\/Shaibani-con-ministro-de-Noruega-1-768x431.jpg 768w, https:\/\/archive.sana.sy\/es\/wp-content\/uploads\/2025\/06\/Shaibani-con-ministro-de-Noruega-1-1536x862.jpg 1536w, https:\/\/archive.sana.sy\/es\/wp-content\/uploads\/2025\/06\/Shaibani-con-ministro-de-Noruega-1-2048x1150.jpg 2048w\" sizes=\"(max-width: 618px) 100vw, 618px\" \/><\/p>\n","protected":false},"excerpt":{"rendered":"<p>Oslo, 11 jun (SANA) El ministro de Asuntos Exteriores y Expatriados, Asaad Al-Shaibani, abord\u00f3 con el ministro de Desarrollo Internacional de Noruega, \u00c5smund Gr\u00f8ver Aukrust las v\u00edas de fortalecer la cooperaci\u00f3n bilateral y de apoyar los esfuerzos de paz en la regi\u00f3n. El encuentro se celebr\u00f3 al margen del Foro de Paz de Oslo. Durante &hellip;<\/p>\n","protected":false},"author":24,"featured_media":355871,"comment_status":"closed","ping_status":"closed","sticky":false,"template":"","format":"standard","meta":{"footnotes":""},"categories":[597,20724,467,583],"tags":[],"class_list":["post-355870","post","type-post","status-publish","format-standard","has-post-thumbnail","","category-cinta-de-noticias","category-minuto-a-minuto","category-siria-y-el-mundo","category-slide"],"_links":{"self":[{"href":"https:\/\/archive.sana.sy\/es\/index.php?rest_route=\/wp\/v2\/posts\/355870"}],"collection":[{"href":"https:\/\/archive.sana.sy\/es\/index.php?rest_route=\/wp\/v2\/posts"}],"about":[{"href":"https:\/\/archive.sana.sy\/es\/index.php?rest_route=\/wp\/v2\/types\/post"}],"author":[{"embeddable":true,"href":"https:\/\/archive.sana.sy\/es\/index.php?rest_route=\/wp\/v2\/users\/24"}],"replies":[{"embeddable":true,"href":"https:\/\/archive.sana.sy\/es\/index.php?rest_route=%2Fwp%2Fv2%2Fcomments&post=355870"}],"version-history":[{"count":1,"href":"https:\/\/archive.sana.sy\/es\/index.php?rest_route=\/wp\/v2\/posts\/355870\/revisions"}],"predecessor-version":[{"id":355873,"href":"https:\/\/archive.sana.sy\/es\/index.php?rest_route=\/wp\/v2\/posts\/355870\/revisions\/355873"}],"wp:featuredmedia":[{"embeddable":true,"href":"https:\/\/archive.sana.sy\/es\/index.php?rest_route=\/wp\/v2\/media\/355871"}],"wp:attachment":[{"href":"https:\/\/archive.sana.sy\/es\/index.php?rest_route=%2Fwp%2Fv2%2Fmedia&parent=355870"}],"wp:term":[{"taxonomy":"category","embeddable":true,"href":"https:\/\/archive.sana.sy\/es\/index.php?rest_route=%2Fwp%2Fv2%2Fcategories&post=355870"},{"taxonomy":"post_tag","embeddable":true,"href":"https:\/\/archive.sana.sy\/es\/index.php?rest_route=%2Fwp%2Fv2%2Ftags&post=355870"}],"curies":[{"name":"wp","href":"https:\/\/api.w.org\/{rel}","templated":true}]}}