{"id":355902,"date":"2025-06-12T11:29:29","date_gmt":"2025-06-12T08:29:29","guid":{"rendered":"https:\/\/sana.sy\/es\/?p=355902"},"modified":"2025-06-12T11:32:48","modified_gmt":"2025-06-12T08:32:48","slug":"pianista-sirio-brilla-en-concurso-internacional-de-piano-en-milan","status":"publish","type":"post","link":"https:\/\/archive.sana.sy\/es\/?p=355902","title":{"rendered":"Pianista sirio brilla en Concurso Internacional de Piano en Mil\u00e1n"},"content":{"rendered":"<blockquote>\n<p style=\"text-align: justify;\"><span style=\"color: #800000;\"><strong>El pianista sirio es el \u00fanico participante \u00e1rabe en alcanzar esta etapa decisiva del concurso que particip\u00f3 en la categor\u00eda de Talentos, para j\u00f3venes de entre 11 y 13 a\u00f1os. Competi\u00f3 con otros diez finalistas provenientes de diversas naciones, incluyendo Ucrania, Bielorrusia, Italia, Alemania, Jap\u00f3n, China y Serbia.<\/strong><\/span><\/p>\n<\/blockquote>\n<p style=\"text-align: justify;\"><span style=\"color: #800000;\"><strong>Mil\u00e1n, 12 jun (SANA)<\/strong><\/span>\u00a0 \u00a0El joven pianista sirio Taim Al-Jammal dej\u00f3 una huella notable en el 14.\u00ba Concurso Internacional de Talentos de Piano, celebrado en Mil\u00e1n, Italia, al recibir elogios un\u00e1nimes del jurado y una invitaci\u00f3n especial para tocar m\u00fasica en la ceremonia de premiaci\u00f3n de los ganadores.<\/p>\n<p style=\"text-align: justify;\">Al-Jammal asegur\u00f3 su pase a la fase final presencial en Mil\u00e1n tras superar exitosamente la primera ronda, que se realiz\u00f3 de forma online donde logr\u00f3 impresionar la audiencia con sus habilidades al piano desde el inicio del certamen.<\/p>\n<p style=\"text-align: justify;\">El pianista sirio es el \u00fanico participante \u00e1rabe en alcanzar esta etapa decisiva del concurso que particip\u00f3 en la categor\u00eda de Talentos, para j\u00f3venes de entre 11 y 13 a\u00f1os. Competi\u00f3 con otros diez finalistas provenientes de diversas naciones, incluyendo Ucrania, Bielorrusia, Italia, Alemania, Jap\u00f3n, China y Serbia.<\/p>\n<p style=\"text-align: justify;\">Actualmente, Taim Al-Jammal cursa el cuarto a\u00f1o del departamento de piano en el prestigioso Instituto Superior de M\u00fasica Solhi Al-Wadi de Damasco, donde recibe formaci\u00f3n bajo la supervisi\u00f3n de la profesora Svetlana Shatta.<\/p>\n<div id='gallery-1' class='gallery galleryid-355902 gallery-columns-1 gallery-size-full'><figure class='gallery-item'>\n\t\t\t<div class='gallery-icon landscape'>\n\t\t\t\t<a href='https:\/\/archive.sana.sy\/es\/wp-content\/uploads\/2025\/06\/photo_1_2025-06-11_21-59-27-copy-1.jpg'><img loading=\"lazy\" decoding=\"async\" width=\"660\" height=\"507\" src=\"https:\/\/archive.sana.sy\/es\/wp-content\/uploads\/2025\/06\/photo_1_2025-06-11_21-59-27-copy-1.jpg\" class=\"attachment-full size-full\" alt=\"\" srcset=\"https:\/\/archive.sana.sy\/es\/wp-content\/uploads\/2025\/06\/photo_1_2025-06-11_21-59-27-copy-1.jpg 660w, https:\/\/archive.sana.sy\/es\/wp-content\/uploads\/2025\/06\/photo_1_2025-06-11_21-59-27-copy-1-300x230.jpg 300w, https:\/\/archive.sana.sy\/es\/wp-content\/uploads\/2025\/06\/photo_1_2025-06-11_21-59-27-copy-1-150x115.jpg 150w\" sizes=\"(max-width: 660px) 100vw, 660px\" \/><\/a>\n\t\t\t<\/div><\/figure><figure class='gallery-item'>\n\t\t\t<div class='gallery-icon landscape'>\n\t\t\t\t<a href='https:\/\/archive.sana.sy\/es\/wp-content\/uploads\/2025\/06\/photo_3_2025-06-11_21-59-27-copy-1.jpg'><img loading=\"lazy\" decoding=\"async\" width=\"660\" height=\"401\" src=\"https:\/\/archive.sana.sy\/es\/wp-content\/uploads\/2025\/06\/photo_3_2025-06-11_21-59-27-copy-1.jpg\" class=\"attachment-full size-full\" alt=\"\" srcset=\"https:\/\/archive.sana.sy\/es\/wp-content\/uploads\/2025\/06\/photo_3_2025-06-11_21-59-27-copy-1.jpg 660w, https:\/\/archive.sana.sy\/es\/wp-content\/uploads\/2025\/06\/photo_3_2025-06-11_21-59-27-copy-1-300x182.jpg 300w, https:\/\/archive.sana.sy\/es\/wp-content\/uploads\/2025\/06\/photo_3_2025-06-11_21-59-27-copy-1-150x91.jpg 150w\" sizes=\"(max-width: 660px) 100vw, 660px\" \/><\/a>\n\t\t\t<\/div><\/figure>\n\t\t<\/div>\n\n","protected":false},"excerpt":{"rendered":"<p>El pianista sirio es el \u00fanico participante \u00e1rabe en alcanzar esta etapa decisiva del concurso que particip\u00f3 en la categor\u00eda de Talentos, para j\u00f3venes de entre 11 y 13 a\u00f1os. Competi\u00f3 con otros diez finalistas provenientes de diversas naciones, incluyendo Ucrania, Bielorrusia, Italia, Alemania, Jap\u00f3n, China y Serbia. Mil\u00e1n, 12 jun (SANA)\u00a0 \u00a0El joven pianista &hellip;<\/p>\n","protected":false},"author":35,"featured_media":355906,"comment_status":"closed","ping_status":"closed","sticky":false,"template":"","format":"standard","meta":{"footnotes":""},"categories":[597,510,467,7541],"tags":[],"class_list":["post-355902","post","type-post","status-publish","format-standard","has-post-thumbnail","","category-cinta-de-noticias","category-arte-y-cultura","category-siria-y-el-mundo","category-ultimas-noticias"],"_links":{"self":[{"href":"https:\/\/archive.sana.sy\/es\/index.php?rest_route=\/wp\/v2\/posts\/355902"}],"collection":[{"href":"https:\/\/archive.sana.sy\/es\/index.php?rest_route=\/wp\/v2\/posts"}],"about":[{"href":"https:\/\/archive.sana.sy\/es\/index.php?rest_route=\/wp\/v2\/types\/post"}],"author":[{"embeddable":true,"href":"https:\/\/archive.sana.sy\/es\/index.php?rest_route=\/wp\/v2\/users\/35"}],"replies":[{"embeddable":true,"href":"https:\/\/archive.sana.sy\/es\/index.php?rest_route=%2Fwp%2Fv2%2Fcomments&post=355902"}],"version-history":[{"count":2,"href":"https:\/\/archive.sana.sy\/es\/index.php?rest_route=\/wp\/v2\/posts\/355902\/revisions"}],"predecessor-version":[{"id":355907,"href":"https:\/\/archive.sana.sy\/es\/index.php?rest_route=\/wp\/v2\/posts\/355902\/revisions\/355907"}],"wp:featuredmedia":[{"embeddable":true,"href":"https:\/\/archive.sana.sy\/es\/index.php?rest_route=\/wp\/v2\/media\/355906"}],"wp:attachment":[{"href":"https:\/\/archive.sana.sy\/es\/index.php?rest_route=%2Fwp%2Fv2%2Fmedia&parent=355902"}],"wp:term":[{"taxonomy":"category","embeddable":true,"href":"https:\/\/archive.sana.sy\/es\/index.php?rest_route=%2Fwp%2Fv2%2Fcategories&post=355902"},{"taxonomy":"post_tag","embeddable":true,"href":"https:\/\/archive.sana.sy\/es\/index.php?rest_route=%2Fwp%2Fv2%2Ftags&post=355902"}],"curies":[{"name":"wp","href":"https:\/\/api.w.org\/{rel}","templated":true}]}}