{"id":355919,"date":"2025-06-12T13:35:39","date_gmt":"2025-06-12T10:35:39","guid":{"rendered":"https:\/\/sana.sy\/es\/?p=355919"},"modified":"2025-06-12T13:35:49","modified_gmt":"2025-06-12T10:35:49","slug":"exposicion-de-arte-documenta-el-dolor-sirio","status":"publish","type":"post","link":"https:\/\/archive.sana.sy\/es\/?p=355919","title":{"rendered":"Exposici\u00f3n de Arte documenta el dolor sirio"},"content":{"rendered":"<p style=\"text-align: justify;\"><span style=\"color: #800000;\"><strong>Idlib, 12 jun (SANA)<\/strong><\/span>\u00a0 \u00a0En la provincia de Idlib, se inaugur\u00f3 la una exposici\u00f3n art\u00edstica bajo el lema &#8220;memoria&#8221; del artista visual Ghazwan Assaf.<\/p>\n<p style=\"text-align: justify;\">La muestra present\u00f3 una colecci\u00f3n de pinturas y esculturas que reflejan la devastaci\u00f3n y el desplazamiento, y documentan escenas de ciudades sirias destruidas, hogares vac\u00edos y abandonados, adem\u00e1s de objetos cotidianos que se han convertido en s\u00edmbolos.<\/p>\n<p style=\"text-align: justify;\">Assaf emple\u00f3 materiales sencillos y colores p\u00e1lidos en sus obras, como si representaran el dolor de las ciudades despu\u00e9s de la guerra.<\/p>\n<p style=\"text-align: justify;\">Utiliz\u00f3 cenizas y escombros como elementos simb\u00f3licos que expresan el dolor de los sirios y el impacto duradero de la guerra en la memoria colectiva.<\/p>\n<div id='gallery-1' class='gallery galleryid-355919 gallery-columns-1 gallery-size-full'><figure class='gallery-item'>\n\t\t\t<div class='gallery-icon landscape'>\n\t\t\t\t<a href='https:\/\/archive.sana.sy\/es\/wp-content\/uploads\/2025\/06\/photo_2025-06-12_13-31-17-5.jpg'><img loading=\"lazy\" decoding=\"async\" width=\"1280\" height=\"824\" src=\"https:\/\/archive.sana.sy\/es\/wp-content\/uploads\/2025\/06\/photo_2025-06-12_13-31-17-5.jpg\" class=\"attachment-full size-full\" alt=\"\" srcset=\"https:\/\/archive.sana.sy\/es\/wp-content\/uploads\/2025\/06\/photo_2025-06-12_13-31-17-5.jpg 1280w, https:\/\/archive.sana.sy\/es\/wp-content\/uploads\/2025\/06\/photo_2025-06-12_13-31-17-5-300x193.jpg 300w, https:\/\/archive.sana.sy\/es\/wp-content\/uploads\/2025\/06\/photo_2025-06-12_13-31-17-5-1024x659.jpg 1024w, https:\/\/archive.sana.sy\/es\/wp-content\/uploads\/2025\/06\/photo_2025-06-12_13-31-17-5-150x97.jpg 150w, https:\/\/archive.sana.sy\/es\/wp-content\/uploads\/2025\/06\/photo_2025-06-12_13-31-17-5-768x494.jpg 768w\" sizes=\"(max-width: 1280px) 100vw, 1280px\" \/><\/a>\n\t\t\t<\/div><\/figure><figure class='gallery-item'>\n\t\t\t<div class='gallery-icon landscape'>\n\t\t\t\t<a href='https:\/\/archive.sana.sy\/es\/wp-content\/uploads\/2025\/06\/photo_2025-06-12_13-31-17-4.jpg'><img loading=\"lazy\" decoding=\"async\" width=\"1280\" height=\"749\" src=\"https:\/\/archive.sana.sy\/es\/wp-content\/uploads\/2025\/06\/photo_2025-06-12_13-31-17-4.jpg\" class=\"attachment-full size-full\" alt=\"\" srcset=\"https:\/\/archive.sana.sy\/es\/wp-content\/uploads\/2025\/06\/photo_2025-06-12_13-31-17-4.jpg 1280w, https:\/\/archive.sana.sy\/es\/wp-content\/uploads\/2025\/06\/photo_2025-06-12_13-31-17-4-300x176.jpg 300w, https:\/\/archive.sana.sy\/es\/wp-content\/uploads\/2025\/06\/photo_2025-06-12_13-31-17-4-1024x599.jpg 1024w, https:\/\/archive.sana.sy\/es\/wp-content\/uploads\/2025\/06\/photo_2025-06-12_13-31-17-4-150x88.jpg 150w, https:\/\/archive.sana.sy\/es\/wp-content\/uploads\/2025\/06\/photo_2025-06-12_13-31-17-4-768x449.jpg 768w\" sizes=\"(max-width: 1280px) 100vw, 1280px\" \/><\/a>\n\t\t\t<\/div><\/figure><figure class='gallery-item'>\n\t\t\t<div class='gallery-icon landscape'>\n\t\t\t\t<a href='https:\/\/archive.sana.sy\/es\/wp-content\/uploads\/2025\/06\/photo_2025-06-12_13-31-17-3.jpg'><img loading=\"lazy\" decoding=\"async\" width=\"1280\" height=\"791\" src=\"https:\/\/archive.sana.sy\/es\/wp-content\/uploads\/2025\/06\/photo_2025-06-12_13-31-17-3.jpg\" class=\"attachment-full size-full\" alt=\"\" srcset=\"https:\/\/archive.sana.sy\/es\/wp-content\/uploads\/2025\/06\/photo_2025-06-12_13-31-17-3.jpg 1280w, https:\/\/archive.sana.sy\/es\/wp-content\/uploads\/2025\/06\/photo_2025-06-12_13-31-17-3-300x185.jpg 300w, https:\/\/archive.sana.sy\/es\/wp-content\/uploads\/2025\/06\/photo_2025-06-12_13-31-17-3-1024x633.jpg 1024w, https:\/\/archive.sana.sy\/es\/wp-content\/uploads\/2025\/06\/photo_2025-06-12_13-31-17-3-150x93.jpg 150w, https:\/\/archive.sana.sy\/es\/wp-content\/uploads\/2025\/06\/photo_2025-06-12_13-31-17-3-768x475.jpg 768w\" sizes=\"(max-width: 1280px) 100vw, 1280px\" \/><\/a>\n\t\t\t<\/div><\/figure><figure class='gallery-item'>\n\t\t\t<div class='gallery-icon landscape'>\n\t\t\t\t<a href='https:\/\/archive.sana.sy\/es\/wp-content\/uploads\/2025\/06\/photo_2025-06-12_13-31-17-2.jpg'><img loading=\"lazy\" decoding=\"async\" width=\"1280\" height=\"747\" src=\"https:\/\/archive.sana.sy\/es\/wp-content\/uploads\/2025\/06\/photo_2025-06-12_13-31-17-2.jpg\" class=\"attachment-full size-full\" alt=\"\" srcset=\"https:\/\/archive.sana.sy\/es\/wp-content\/uploads\/2025\/06\/photo_2025-06-12_13-31-17-2.jpg 1280w, https:\/\/archive.sana.sy\/es\/wp-content\/uploads\/2025\/06\/photo_2025-06-12_13-31-17-2-300x175.jpg 300w, https:\/\/archive.sana.sy\/es\/wp-content\/uploads\/2025\/06\/photo_2025-06-12_13-31-17-2-1024x598.jpg 1024w, https:\/\/archive.sana.sy\/es\/wp-content\/uploads\/2025\/06\/photo_2025-06-12_13-31-17-2-150x88.jpg 150w, https:\/\/archive.sana.sy\/es\/wp-content\/uploads\/2025\/06\/photo_2025-06-12_13-31-17-2-768x448.jpg 768w\" sizes=\"(max-width: 1280px) 100vw, 1280px\" \/><\/a>\n\t\t\t<\/div><\/figure>\n\t\t<\/div>\n\n","protected":false},"excerpt":{"rendered":"<p>Idlib, 12 jun (SANA)\u00a0 \u00a0En la provincia de Idlib, se inaugur\u00f3 la una exposici\u00f3n art\u00edstica bajo el lema &#8220;memoria&#8221; del artista visual Ghazwan Assaf. La muestra present\u00f3 una colecci\u00f3n de pinturas y esculturas que reflejan la devastaci\u00f3n y el desplazamiento, y documentan escenas de ciudades sirias destruidas, hogares vac\u00edos y abandonados, adem\u00e1s de objetos cotidianos &hellip;<\/p>\n","protected":false},"author":35,"featured_media":355920,"comment_status":"closed","ping_status":"closed","sticky":false,"template":"","format":"standard","meta":{"footnotes":""},"categories":[597,510,20724,476,7541],"tags":[],"class_list":["post-355919","post","type-post","status-publish","format-standard","has-post-thumbnail","","category-cinta-de-noticias","category-arte-y-cultura","category-minuto-a-minuto","category-locales","category-ultimas-noticias"],"_links":{"self":[{"href":"https:\/\/archive.sana.sy\/es\/index.php?rest_route=\/wp\/v2\/posts\/355919"}],"collection":[{"href":"https:\/\/archive.sana.sy\/es\/index.php?rest_route=\/wp\/v2\/posts"}],"about":[{"href":"https:\/\/archive.sana.sy\/es\/index.php?rest_route=\/wp\/v2\/types\/post"}],"author":[{"embeddable":true,"href":"https:\/\/archive.sana.sy\/es\/index.php?rest_route=\/wp\/v2\/users\/35"}],"replies":[{"embeddable":true,"href":"https:\/\/archive.sana.sy\/es\/index.php?rest_route=%2Fwp%2Fv2%2Fcomments&post=355919"}],"version-history":[{"count":2,"href":"https:\/\/archive.sana.sy\/es\/index.php?rest_route=\/wp\/v2\/posts\/355919\/revisions"}],"predecessor-version":[{"id":355926,"href":"https:\/\/archive.sana.sy\/es\/index.php?rest_route=\/wp\/v2\/posts\/355919\/revisions\/355926"}],"wp:featuredmedia":[{"embeddable":true,"href":"https:\/\/archive.sana.sy\/es\/index.php?rest_route=\/wp\/v2\/media\/355920"}],"wp:attachment":[{"href":"https:\/\/archive.sana.sy\/es\/index.php?rest_route=%2Fwp%2Fv2%2Fmedia&parent=355919"}],"wp:term":[{"taxonomy":"category","embeddable":true,"href":"https:\/\/archive.sana.sy\/es\/index.php?rest_route=%2Fwp%2Fv2%2Fcategories&post=355919"},{"taxonomy":"post_tag","embeddable":true,"href":"https:\/\/archive.sana.sy\/es\/index.php?rest_route=%2Fwp%2Fv2%2Ftags&post=355919"}],"curies":[{"name":"wp","href":"https:\/\/api.w.org\/{rel}","templated":true}]}}