{"id":35596,"date":"2015-12-24T20:41:39","date_gmt":"2015-12-24T18:41:39","guid":{"rendered":"http:\/\/sana.sy\/es\/?p=35596"},"modified":"2015-12-24T22:45:03","modified_gmt":"2015-12-24T20:45:03","slug":"zajarova-la-iniciativa-china-podra-contribuir-al-proceso-politico-que-busca-solventar-la-crisis-de-siria","status":"publish","type":"post","link":"https:\/\/archive.sana.sy\/es\/?p=35596","title":{"rendered":"Zaj\u00e1rova: la iniciativa china podr\u00e1 contribuir al proceso pol\u00edtico que busca solventar la crisis de Siria"},"content":{"rendered":"<p>Mosc\u00fa-SANA<\/p>\n<p>La portavoz de la Canciller\u00eda rusa, Mar\u00eda Zaj\u00e1rova, anunci\u00f3 que la iniciativa china que convoca al gobierno y a la posici\u00f3n siria a visitar a China, podr\u00eda contribuir al proceso pol\u00edtico que busca solventar la crisis de Siria.<\/p>\n<p>Zaj\u00e1rova, dijo en una conferencia de prensa que su pa\u00eds insta a toda la oposici\u00f3n siria a alcanzar una postura unificada entre s\u00ed y determinar a las personas que las representar\u00e1n en las negociaciones con el gobierno sirio.<\/p>\n<p>En otro contexto, la portavoz de la canciller\u00eda rusa ha tachado de &#8220;falsa&#8221; la informaci\u00f3n de Amnist\u00eda Internacional (AI) que indicaba que Rusia ha realizado ataques contra la poblaci\u00f3n civil de Siria.<\/p>\n<p>Yamil K.<\/p>\n","protected":false},"excerpt":{"rendered":"<p>Mosc\u00fa-SANA La portavoz de la Canciller\u00eda rusa, Mar\u00eda Zaj\u00e1rova, anunci\u00f3 que la iniciativa china que convoca al gobierno y a la posici\u00f3n siria a visitar a China, podr\u00eda contribuir al proceso pol\u00edtico que busca solventar la crisis de Siria. Zaj\u00e1rova, dijo en una conferencia de prensa que su pa\u00eds insta a toda la oposici\u00f3n siria &hellip;<\/p>\n","protected":false},"author":1,"featured_media":35597,"comment_status":"closed","ping_status":"closed","sticky":false,"template":"","format":"standard","meta":{"footnotes":""},"categories":[456,457,576,7541],"tags":[],"class_list":["post-35596","post","type-post","status-publish","format-standard","has-post-thumbnail","","category-arabe-internacional-politica","category-noticias-arabe-internacional-politica","category-noticias-politicas","category-ultimas-noticias"],"_links":{"self":[{"href":"https:\/\/archive.sana.sy\/es\/index.php?rest_route=\/wp\/v2\/posts\/35596"}],"collection":[{"href":"https:\/\/archive.sana.sy\/es\/index.php?rest_route=\/wp\/v2\/posts"}],"about":[{"href":"https:\/\/archive.sana.sy\/es\/index.php?rest_route=\/wp\/v2\/types\/post"}],"author":[{"embeddable":true,"href":"https:\/\/archive.sana.sy\/es\/index.php?rest_route=\/wp\/v2\/users\/1"}],"replies":[{"embeddable":true,"href":"https:\/\/archive.sana.sy\/es\/index.php?rest_route=%2Fwp%2Fv2%2Fcomments&post=35596"}],"version-history":[{"count":0,"href":"https:\/\/archive.sana.sy\/es\/index.php?rest_route=\/wp\/v2\/posts\/35596\/revisions"}],"wp:featuredmedia":[{"embeddable":true,"href":"https:\/\/archive.sana.sy\/es\/index.php?rest_route=\/wp\/v2\/media\/35597"}],"wp:attachment":[{"href":"https:\/\/archive.sana.sy\/es\/index.php?rest_route=%2Fwp%2Fv2%2Fmedia&parent=35596"}],"wp:term":[{"taxonomy":"category","embeddable":true,"href":"https:\/\/archive.sana.sy\/es\/index.php?rest_route=%2Fwp%2Fv2%2Fcategories&post=35596"},{"taxonomy":"post_tag","embeddable":true,"href":"https:\/\/archive.sana.sy\/es\/index.php?rest_route=%2Fwp%2Fv2%2Ftags&post=35596"}],"curies":[{"name":"wp","href":"https:\/\/api.w.org\/{rel}","templated":true}]}}