{"id":35601,"date":"2015-12-24T21:12:02","date_gmt":"2015-12-24T19:12:02","guid":{"rendered":"http:\/\/sana.sy\/es\/?p=35601"},"modified":"2015-12-24T22:44:57","modified_gmt":"2015-12-24T20:44:57","slug":"rusia-e-india-creen-que-es-necesaria-una-amplia-coalicion-para-luchar-contra-el-ei","status":"publish","type":"post","link":"https:\/\/archive.sana.sy\/es\/?p=35601","title":{"rendered":"Rusia e India creen que es necesaria una amplia coalici\u00f3n para luchar contra el EI"},"content":{"rendered":"<p>Mosc\u00fa-SANA<\/p>\n<p>El presidente de Rusia Vladimir Putin afirm\u00f3 que las posiciones de Rusia y la India coinciden en relaci\u00f3n a la soluci\u00f3n de la crisis de Siria y la erradicaci\u00f3n del terrorismo.<\/p>\n<p>En una conferencia de prensa celebrada hoy en Mosc\u00fa, con el primer ministro indio Narendra Modi, el mandatario ruso dijo que Rusia y la India apoyan solucionar todos los conflictos internacionales, sobre todo en Siria, Irak, Afganist\u00e1n y Yemen.<\/p>\n<p>\u00a8Rusia y la India coinciden en la necesidad de crear una amplia coalici\u00f3n contra el EI y bajo la c\u00fapula de las Naciones Unidad\u00a8, destac\u00f3 Putin.<\/p>\n<p>A su vez Modi hizo hincapi\u00e9 en la necesidad de unificar los esfuerzos mundiales para combatir el terrorismo, subrayando la importancia de distinguir entre las organizaciones terroristas y los Estados v\u00edctimas de las acciones de estas organizaciones.<\/p>\n<p>Yamil K.<\/p>\n","protected":false},"excerpt":{"rendered":"<p>Mosc\u00fa-SANA El presidente de Rusia Vladimir Putin afirm\u00f3 que las posiciones de Rusia y la India coinciden en relaci\u00f3n a la soluci\u00f3n de la crisis de Siria y la erradicaci\u00f3n del terrorismo. En una conferencia de prensa celebrada hoy en Mosc\u00fa, con el primer ministro indio Narendra Modi, el mandatario ruso dijo que Rusia y &hellip;<\/p>\n","protected":false},"author":1,"featured_media":35602,"comment_status":"closed","ping_status":"closed","sticky":false,"template":"","format":"standard","meta":{"footnotes":""},"categories":[456,457,576,7541],"tags":[],"class_list":["post-35601","post","type-post","status-publish","format-standard","has-post-thumbnail","","category-arabe-internacional-politica","category-noticias-arabe-internacional-politica","category-noticias-politicas","category-ultimas-noticias"],"_links":{"self":[{"href":"https:\/\/archive.sana.sy\/es\/index.php?rest_route=\/wp\/v2\/posts\/35601"}],"collection":[{"href":"https:\/\/archive.sana.sy\/es\/index.php?rest_route=\/wp\/v2\/posts"}],"about":[{"href":"https:\/\/archive.sana.sy\/es\/index.php?rest_route=\/wp\/v2\/types\/post"}],"author":[{"embeddable":true,"href":"https:\/\/archive.sana.sy\/es\/index.php?rest_route=\/wp\/v2\/users\/1"}],"replies":[{"embeddable":true,"href":"https:\/\/archive.sana.sy\/es\/index.php?rest_route=%2Fwp%2Fv2%2Fcomments&post=35601"}],"version-history":[{"count":0,"href":"https:\/\/archive.sana.sy\/es\/index.php?rest_route=\/wp\/v2\/posts\/35601\/revisions"}],"wp:featuredmedia":[{"embeddable":true,"href":"https:\/\/archive.sana.sy\/es\/index.php?rest_route=\/wp\/v2\/media\/35602"}],"wp:attachment":[{"href":"https:\/\/archive.sana.sy\/es\/index.php?rest_route=%2Fwp%2Fv2%2Fmedia&parent=35601"}],"wp:term":[{"taxonomy":"category","embeddable":true,"href":"https:\/\/archive.sana.sy\/es\/index.php?rest_route=%2Fwp%2Fv2%2Fcategories&post=35601"},{"taxonomy":"post_tag","embeddable":true,"href":"https:\/\/archive.sana.sy\/es\/index.php?rest_route=%2Fwp%2Fv2%2Ftags&post=35601"}],"curies":[{"name":"wp","href":"https:\/\/api.w.org\/{rel}","templated":true}]}}