{"id":35604,"date":"2015-12-24T22:05:59","date_gmt":"2015-12-24T20:05:59","guid":{"rendered":"http:\/\/sana.sy\/es\/?p=35604"},"modified":"2015-12-24T22:46:14","modified_gmt":"2015-12-24T20:46:14","slug":"siria-y-cuba-examinan-relaciones-bilaterales","status":"publish","type":"post","link":"https:\/\/archive.sana.sy\/es\/?p=35604","title":{"rendered":"Siria y Cuba examinan relaciones bilaterales"},"content":{"rendered":"<p>La Habana-Cuba<\/p>\n<p>El Viceprimer ministro de la Rep\u00fablica de Cuba Ricardo Cabrisas dijo hoy que Siria libera una guerra contra el terrorismo y este pa\u00eds \u00e1rabe necesita el apoyo de todo el mundo, incluida Cuba, afirmando que la postura cubana en relaci\u00f3n a Siria y la lucha de su pueblo contra el terrorismo es firme.<\/p>\n<p>\u00a8Siria no ha escatimado esfuerzo ning\u00fan para apoyar a Cuba en los foros internacionales&#8230;Existe una voluntad pol\u00edtica para proporcionar todo tipo de apoyo y ayuda a Siria, especialmente en materia de salud\u00a8, ha subrayado el viceprimer ministro de Cuba al recibir el ministro sirio de salud Nizar Yazigi.<\/p>\n<p>Asimismo manifest\u00f3 la disposici\u00f3n de su pa\u00eds a fortalecer la cooperaci\u00f3n y las relaciones con Siria en el campo de la salud.<\/p>\n<p>\u00a8El pueblo cubano ha sufrido del bloqueo, de las sanciones econ\u00f3micas y de la conspiraci\u00f3n del imperialismo, por tanto es natural que el pueblo de Cuba se simpatiza con el pueblo de Siria\u00a8, destac\u00f3.<\/p>\n<p>A su vez el ministro sirio de salud dijo que a pesar de las actuales circunstancias que atraviesa Siria, el gobierno ha prestado todo tipo de atenci\u00f3n m\u00e9dica gratuitamente a los ciudadanos, adem\u00e1s de restaurar a varios hospitales que han sido da\u00f1ados por los actos del terrorismo.<\/p>\n<p>\u00a8La solidaridad de los pa\u00edses amigos, incluida Cuba, ha contribuido a la firmeza del pueblo sirio\u00a8, afirm\u00f3 Yazigi.<\/p>\n<p>De igual modo expres\u00f3 su confianza de que la experiencia cubana y siria en materia de salud podr\u00eda constituir una base para establecer una asociaci\u00f3n estrat\u00e9gica conjunta en el campo de la fabricaci\u00f3n de medicamentos, adem\u00e1s del intercambio de la tecnolog\u00eda biol\u00f3gica y la biotecnolog\u00eda entre ambos pa\u00edses.<\/p>\n<p>Yamil K.<\/p>\n","protected":false},"excerpt":{"rendered":"<p>La Habana-Cuba El Viceprimer ministro de la Rep\u00fablica de Cuba Ricardo Cabrisas dijo hoy que Siria libera una guerra contra el terrorismo y este pa\u00eds \u00e1rabe necesita el apoyo de todo el mundo, incluida Cuba, afirmando que la postura cubana en relaci\u00f3n a Siria y la lucha de su pueblo contra el terrorismo es firme. &hellip;<\/p>\n","protected":false},"author":1,"featured_media":35605,"comment_status":"closed","ping_status":"closed","sticky":false,"template":"","format":"standard","meta":{"footnotes":""},"categories":[467,7541],"tags":[],"class_list":["post-35604","post","type-post","status-publish","format-standard","has-post-thumbnail","","category-siria-y-el-mundo","category-ultimas-noticias"],"_links":{"self":[{"href":"https:\/\/archive.sana.sy\/es\/index.php?rest_route=\/wp\/v2\/posts\/35604"}],"collection":[{"href":"https:\/\/archive.sana.sy\/es\/index.php?rest_route=\/wp\/v2\/posts"}],"about":[{"href":"https:\/\/archive.sana.sy\/es\/index.php?rest_route=\/wp\/v2\/types\/post"}],"author":[{"embeddable":true,"href":"https:\/\/archive.sana.sy\/es\/index.php?rest_route=\/wp\/v2\/users\/1"}],"replies":[{"embeddable":true,"href":"https:\/\/archive.sana.sy\/es\/index.php?rest_route=%2Fwp%2Fv2%2Fcomments&post=35604"}],"version-history":[{"count":0,"href":"https:\/\/archive.sana.sy\/es\/index.php?rest_route=\/wp\/v2\/posts\/35604\/revisions"}],"wp:featuredmedia":[{"embeddable":true,"href":"https:\/\/archive.sana.sy\/es\/index.php?rest_route=\/wp\/v2\/media\/35605"}],"wp:attachment":[{"href":"https:\/\/archive.sana.sy\/es\/index.php?rest_route=%2Fwp%2Fv2%2Fmedia&parent=35604"}],"wp:term":[{"taxonomy":"category","embeddable":true,"href":"https:\/\/archive.sana.sy\/es\/index.php?rest_route=%2Fwp%2Fv2%2Fcategories&post=35604"},{"taxonomy":"post_tag","embeddable":true,"href":"https:\/\/archive.sana.sy\/es\/index.php?rest_route=%2Fwp%2Fv2%2Ftags&post=35604"}],"curies":[{"name":"wp","href":"https:\/\/api.w.org\/{rel}","templated":true}]}}