{"id":356055,"date":"2025-06-13T20:01:02","date_gmt":"2025-06-13T17:01:02","guid":{"rendered":"https:\/\/sana.sy\/es\/?p=356055"},"modified":"2025-06-13T20:01:02","modified_gmt":"2025-06-13T17:01:02","slug":"vicepresidente-turco-mas-de-273-mil-sirios-regresaron-voluntariamente-a-su-pais-en-menos-de-6-meses","status":"publish","type":"post","link":"https:\/\/archive.sana.sy\/es\/?p=356055","title":{"rendered":"Vicepresidente turco: M\u00e1s de 273 mil sirios regresaron voluntariamente a su pa\u00eds en menos de 6 meses"},"content":{"rendered":"<p style=\"text-align: justify;\"><span style=\"color: #800000;\"><strong>Ankara, 13 jun (SANA)<\/strong><\/span>\u00a0\u00a0 El vicepresidente turco, Cevdet Yilmaz, anunci\u00f3 hoy que m\u00e1s de 273.000 refugiados sirios han regresado voluntariamente a su pa\u00eds desde Turqu\u00eda en menos de seis meses, y esper\u00f3 que esta cifra aumente durante el verano coincidiendo con el fin del curso escolar y la mejora de la situaci\u00f3n en Siria.<\/p>\n<p style=\"text-align: justify;\">Seg\u00fan report\u00f3 la agencia Anadolu, esta postura de Yilmaz fue manifestada en un discurso pronunciado en el estado meridional de Gaziantep durante la inauguraci\u00f3n del principal edificio especializado en el apoyo al retorno voluntario de los refugiados.<\/p>\n<p style=\"text-align: justify;\">\u00abTurqu\u00eda ha realizado una prueba digna de su historia y civilizaci\u00f3n al m\u00e1ximo con respecto a la cuesti\u00f3n siria al acoger durante muchos a\u00f1os a hermanos sirios que hu\u00edan de un r\u00e9gimen injusto\u00bb, dijo el alto funcionario.<\/p>\n<p style=\"text-align: justify;\">Yilmaz se\u00f1al\u00f3 que una nueva era ha comenzado en Siria tras la ca\u00edda del r\u00e9gimen de Assad. \u00abPuede que hayamos sufrido algunas dificultades y cuestiones relacionadas con esto durante mucho tiempo, pero veremos los beneficios de esto como gobierno y pueblo durante generaciones\u00bb, agreg\u00f3.<\/p>\n<p style=\"text-align: justify;\">Consider\u00f3 que el pueblo y gobierno de Turqu\u00eda han mostrado una postura hist\u00f3rica contra todas las provocaciones y la desinformaci\u00f3n con respecto a la cuesti\u00f3n de los refugiados sirios en el pa\u00eds.<\/p>\n<p style=\"text-align: justify;\">El vicepresidente turco reiter\u00f3 el apoyo de Turqu\u00eda a la integridad territorial, estabilidad y soberan\u00eda de Siria, y afirm\u00f3: \u00abEsperamos desarrollar la estructura institucional de Siria bajo un paraguas pol\u00edtico que incluya todos sus espectros, reparar sus infraestructuras y acelerar su desarrollo econ\u00f3mico y social lo antes posible\u00bb.<\/p>\n","protected":false},"excerpt":{"rendered":"<p>Ankara, 13 jun (SANA)\u00a0\u00a0 El vicepresidente turco, Cevdet Yilmaz, anunci\u00f3 hoy que m\u00e1s de 273.000 refugiados sirios han regresado voluntariamente a su pa\u00eds desde Turqu\u00eda en menos de seis meses, y esper\u00f3 que esta cifra aumente durante el verano coincidiendo con el fin del curso escolar y la mejora de la situaci\u00f3n en Siria. Seg\u00fan &hellip;<\/p>\n","protected":false},"author":46,"featured_media":356056,"comment_status":"closed","ping_status":"closed","sticky":false,"template":"","format":"standard","meta":{"footnotes":""},"categories":[597,20724,467,7541],"tags":[],"class_list":["post-356055","post","type-post","status-publish","format-standard","has-post-thumbnail","","category-cinta-de-noticias","category-minuto-a-minuto","category-siria-y-el-mundo","category-ultimas-noticias"],"_links":{"self":[{"href":"https:\/\/archive.sana.sy\/es\/index.php?rest_route=\/wp\/v2\/posts\/356055"}],"collection":[{"href":"https:\/\/archive.sana.sy\/es\/index.php?rest_route=\/wp\/v2\/posts"}],"about":[{"href":"https:\/\/archive.sana.sy\/es\/index.php?rest_route=\/wp\/v2\/types\/post"}],"author":[{"embeddable":true,"href":"https:\/\/archive.sana.sy\/es\/index.php?rest_route=\/wp\/v2\/users\/46"}],"replies":[{"embeddable":true,"href":"https:\/\/archive.sana.sy\/es\/index.php?rest_route=%2Fwp%2Fv2%2Fcomments&post=356055"}],"version-history":[{"count":1,"href":"https:\/\/archive.sana.sy\/es\/index.php?rest_route=\/wp\/v2\/posts\/356055\/revisions"}],"predecessor-version":[{"id":356057,"href":"https:\/\/archive.sana.sy\/es\/index.php?rest_route=\/wp\/v2\/posts\/356055\/revisions\/356057"}],"wp:featuredmedia":[{"embeddable":true,"href":"https:\/\/archive.sana.sy\/es\/index.php?rest_route=\/wp\/v2\/media\/356056"}],"wp:attachment":[{"href":"https:\/\/archive.sana.sy\/es\/index.php?rest_route=%2Fwp%2Fv2%2Fmedia&parent=356055"}],"wp:term":[{"taxonomy":"category","embeddable":true,"href":"https:\/\/archive.sana.sy\/es\/index.php?rest_route=%2Fwp%2Fv2%2Fcategories&post=356055"},{"taxonomy":"post_tag","embeddable":true,"href":"https:\/\/archive.sana.sy\/es\/index.php?rest_route=%2Fwp%2Fv2%2Ftags&post=356055"}],"curies":[{"name":"wp","href":"https:\/\/api.w.org\/{rel}","templated":true}]}}