{"id":35609,"date":"2015-12-25T14:23:50","date_gmt":"2015-12-25T12:23:50","guid":{"rendered":"http:\/\/sana.sy\/es\/?p=35609"},"modified":"2015-12-25T14:23:50","modified_gmt":"2015-12-25T12:23:50","slug":"al-moallem-destaca-la-necesidad-de-secar-las-fuentes-de-ingreso-del-terrorismo","status":"publish","type":"post","link":"https:\/\/archive.sana.sy\/es\/?p=35609","title":{"rendered":"Al-Moallem destaca la necesidad de secar las fuentes de ingreso del terrorismo"},"content":{"rendered":"<p style=\"text-align: justify\"><span style=\"color: #800000\">Pek\u00edn, SANA<\/span>&#8211; El ministro de Exteriores y Expatriados, Walid al-Moallem destac\u00f3 la necesidad de centrar los esfuerzos para secar fuentes de financiaci\u00f3n del terrorismo y detener la infiltraci\u00f3n de terroristas en Siria a trav\u00e9s de Turqu\u00eda y Jordania.<\/p>\n<p style=\"text-align: justify\">Las declaraciones del titular sirio se produjeron durante una reuni\u00f3n con el consejero de Estado chino, Yang Jiechi, el jueves por la noche.<\/p>\n<p style=\"text-align: justify\">\u201cSecar las fuentes de ingreso del terrorismo de conformidad con las resoluciones del Consejo de Seguridad relativas a la lucha contra el terrorismo, especialmente la resoluci\u00f3n N- 2253, ayudar\u00eda a impulsar la soluci\u00f3n pol\u00edtica a la crisis en Siria\u201d, dijo al-Moallem.<\/p>\n<p style=\"text-align: justify\">Al-Moallem hizo hincapi\u00e9 en que el pueblo sirio se mantiene firme en su batalla defendiendo la integridad territorial de Siria y su la voluntad en rechazar cualquier intento de intervenci\u00f3n extranjera en su derecho de libre determinaci\u00f3n.<\/p>\n<p style=\"text-align: justify\">Por su parte, Jiechi reiter\u00f3 que China apoya los esfuerzos que pretenden encontrar una soluci\u00f3n pol\u00edtica a la crisis y hacer frente a las consecuencias humanitarias en relaci\u00f3n con la lucha contra el terrorismo, agregando que Pek\u00edn seguir\u00e1 prestando apoyo y ayuda humanitaria a Siria, haciendo hincapi\u00e9 en el pueblo sirio es el \u00fanico quien puede decidir su propio destino.<\/p>\n<p>M.Miri<\/p>\n","protected":false},"excerpt":{"rendered":"<p>Pek\u00edn, SANA&#8211; El ministro de Exteriores y Expatriados, Walid al-Moallem destac\u00f3 la necesidad de centrar los esfuerzos para secar fuentes de financiaci\u00f3n del terrorismo y detener la infiltraci\u00f3n de terroristas en Siria a trav\u00e9s de Turqu\u00eda y Jordania. Las declaraciones del titular sirio se produjeron durante una reuni\u00f3n con el consejero de Estado chino, Yang &hellip;<\/p>\n","protected":false},"author":1,"featured_media":35610,"comment_status":"closed","ping_status":"closed","sticky":false,"template":"","format":"standard","meta":{"footnotes":""},"categories":[457,576,467,583,7541],"tags":[],"class_list":["post-35609","post","type-post","status-publish","format-standard","has-post-thumbnail","","category-noticias-arabe-internacional-politica","category-noticias-politicas","category-siria-y-el-mundo","category-slide","category-ultimas-noticias"],"_links":{"self":[{"href":"https:\/\/archive.sana.sy\/es\/index.php?rest_route=\/wp\/v2\/posts\/35609"}],"collection":[{"href":"https:\/\/archive.sana.sy\/es\/index.php?rest_route=\/wp\/v2\/posts"}],"about":[{"href":"https:\/\/archive.sana.sy\/es\/index.php?rest_route=\/wp\/v2\/types\/post"}],"author":[{"embeddable":true,"href":"https:\/\/archive.sana.sy\/es\/index.php?rest_route=\/wp\/v2\/users\/1"}],"replies":[{"embeddable":true,"href":"https:\/\/archive.sana.sy\/es\/index.php?rest_route=%2Fwp%2Fv2%2Fcomments&post=35609"}],"version-history":[{"count":0,"href":"https:\/\/archive.sana.sy\/es\/index.php?rest_route=\/wp\/v2\/posts\/35609\/revisions"}],"wp:featuredmedia":[{"embeddable":true,"href":"https:\/\/archive.sana.sy\/es\/index.php?rest_route=\/wp\/v2\/media\/35610"}],"wp:attachment":[{"href":"https:\/\/archive.sana.sy\/es\/index.php?rest_route=%2Fwp%2Fv2%2Fmedia&parent=35609"}],"wp:term":[{"taxonomy":"category","embeddable":true,"href":"https:\/\/archive.sana.sy\/es\/index.php?rest_route=%2Fwp%2Fv2%2Fcategories&post=35609"},{"taxonomy":"post_tag","embeddable":true,"href":"https:\/\/archive.sana.sy\/es\/index.php?rest_route=%2Fwp%2Fv2%2Ftags&post=35609"}],"curies":[{"name":"wp","href":"https:\/\/api.w.org\/{rel}","templated":true}]}}