{"id":35616,"date":"2015-12-25T15:36:44","date_gmt":"2015-12-25T13:36:44","guid":{"rendered":"http:\/\/sana.sy\/es\/?p=35616"},"modified":"2015-12-25T15:51:20","modified_gmt":"2015-12-25T13:51:20","slug":"lavrov-la-participacion-del-presidente-al-assad-en-las-futuras-elecciones-es-un-asunto-sirio","status":"publish","type":"post","link":"https:\/\/archive.sana.sy\/es\/?p=35616","title":{"rendered":"Lavrov: la participaci\u00f3n del presidente Al-Assad, en las futuras elecciones es un &#8220;asunto sirio&#8221;"},"content":{"rendered":"<p style=\"text-align: justify\"><span style=\"color: #800000\">Mosc\u00fa, SANA<\/span>&#8211; El ministro de Exteriores de Rusia, Sergu\u00e9i Lavrov, llam\u00f3 a la creaci\u00f3n de un frente internacional que opera bajo los auspicios de las Naciones Unidas y de conformidad con la legitimidad internacional para combatir el terrorismo y en paralelo de apoyar una soluci\u00f3n pol\u00edtica a la crisis en Siria, teniendo en cuenta los datos obtenidos por el grupo de apoyo internacional a Siria.<\/p>\n<p style=\"text-align: justify\">Lavrov dijo en una conferencia de prensa celebrada hoy con el ministro de Exteriores de Qatar, Khalid bin Mohammed Al-Attiyah &#8220;Discutimos detalladamente la soluci\u00f3n de la crisis en Siria, especialmente a la luz de la escalada de la amenaza terrorista y el crecimiento de las organizaciones terroristas en crecimiento&#8221;.<\/p>\n<p style=\"text-align: justify\">Lavrov se\u00f1al\u00f3 que los pa\u00edses occidentales son los responsables de obstaculizar la aplicaci\u00f3n del Comunicado de Ginebra, emitida en junio de 2012 e impidieron la votaci\u00f3n sobre dicho comunicado en el Consejo de Seguridad a pesar de participaci\u00f3n en su elaboraci\u00f3n, agregando que durante los \u00faltimos dos meses se han celebrado reuniones en Viena y Nueva York y acordaron los pasos y medidas para revitalizar el proceso de Ginebra.<\/p>\n<p style=\"text-align: justify\">&#8220;Damos la bienvenida a la evoluci\u00f3n positiva de las posiciones de nuestros socios occidentales, ya que actualmente llaman a comenzar urgentemente las conversaciones entre el gobierno sirio y la oposici\u00f3n en enero, a pesar de sus declaraciones sobre la falta de legitimidad del gobierno.&#8221; Dijo el titular ruso.<\/p>\n<p style=\"text-align: justify\">&#8220;La cuesti\u00f3n de la participaci\u00f3n del presidente Bashar al-Assad en cualquier futuras elecciones no es un asunto a los estadounidenses, s\u00f3lo los sirios tienen el derecho de libre determinaci\u00f3n&#8221;, manifest\u00f3 Lavrov.<\/p>\n<p style=\"text-align: justify\">En el mismo contexto, Lavrov lament\u00f3 la imposibilidad de llegar a una posici\u00f3n unificada en relaci\u00f3n con de qui\u00e9n participar\u00e1 en estas conversaciones por parte de la oposici\u00f3n y que la persona a cargo de la formaci\u00f3n de la delegaci\u00f3n de la oposici\u00f3n siria, de acuerdo con la decisi\u00f3n del Consejo de Seguridad es el enviado de la ONU, Staffan de Mistura.<\/p>\n<p style=\"text-align: justify\">Lavrov anunci\u00f3 que Rusia desea continuar el di\u00e1logo estrat\u00e9gico con el Consejo de Cooperaci\u00f3n del Golfo (CCG) a nivel ministerial, destacando la importancia de garantizar la seguridad del Golfo y la necesidad de la participaci\u00f3n de todos los pa\u00edses del Golfo en este proceso.<\/p>\n<p>M.Miri<\/p>\n","protected":false},"excerpt":{"rendered":"<p>Mosc\u00fa, SANA&#8211; El ministro de Exteriores de Rusia, Sergu\u00e9i Lavrov, llam\u00f3 a la creaci\u00f3n de un frente internacional que opera bajo los auspicios de las Naciones Unidas y de conformidad con la legitimidad internacional para combatir el terrorismo y en paralelo de apoyar una soluci\u00f3n pol\u00edtica a la crisis en Siria, teniendo en cuenta los &hellip;<\/p>\n","protected":false},"author":1,"featured_media":35617,"comment_status":"closed","ping_status":"closed","sticky":false,"template":"","format":"standard","meta":{"footnotes":""},"categories":[467,583,7541],"tags":[7669,7668],"class_list":["post-35616","post","type-post","status-publish","format-standard","has-post-thumbnail","","category-siria-y-el-mundo","category-slide","category-ultimas-noticias","tag-en-las-futuras-elecciones-es-un-asunto-sirio","tag-lavrov-la-participacion-del-presidente-al-assad"],"_links":{"self":[{"href":"https:\/\/archive.sana.sy\/es\/index.php?rest_route=\/wp\/v2\/posts\/35616"}],"collection":[{"href":"https:\/\/archive.sana.sy\/es\/index.php?rest_route=\/wp\/v2\/posts"}],"about":[{"href":"https:\/\/archive.sana.sy\/es\/index.php?rest_route=\/wp\/v2\/types\/post"}],"author":[{"embeddable":true,"href":"https:\/\/archive.sana.sy\/es\/index.php?rest_route=\/wp\/v2\/users\/1"}],"replies":[{"embeddable":true,"href":"https:\/\/archive.sana.sy\/es\/index.php?rest_route=%2Fwp%2Fv2%2Fcomments&post=35616"}],"version-history":[{"count":0,"href":"https:\/\/archive.sana.sy\/es\/index.php?rest_route=\/wp\/v2\/posts\/35616\/revisions"}],"wp:featuredmedia":[{"embeddable":true,"href":"https:\/\/archive.sana.sy\/es\/index.php?rest_route=\/wp\/v2\/media\/35617"}],"wp:attachment":[{"href":"https:\/\/archive.sana.sy\/es\/index.php?rest_route=%2Fwp%2Fv2%2Fmedia&parent=35616"}],"wp:term":[{"taxonomy":"category","embeddable":true,"href":"https:\/\/archive.sana.sy\/es\/index.php?rest_route=%2Fwp%2Fv2%2Fcategories&post=35616"},{"taxonomy":"post_tag","embeddable":true,"href":"https:\/\/archive.sana.sy\/es\/index.php?rest_route=%2Fwp%2Fv2%2Ftags&post=35616"}],"curies":[{"name":"wp","href":"https:\/\/api.w.org\/{rel}","templated":true}]}}